{"id":25523,"date":"2023-04-21T05:57:59","date_gmt":"2023-04-21T05:57:59","guid":{"rendered":"https:\/\/elconspirador.com.mx\/?p=25523"},"modified":"2023-04-21T11:55:59","modified_gmt":"2023-04-21T11:55:59","slug":"sedif-cuidara-a-menores-con-mas-programas","status":"publish","type":"post","link":"https:\/\/elconspirador.com.mx\/?p=25523","title":{"rendered":"SEDIF CUIDAR\u00c1 A MENORES CON M\u00c1S PROGRAMAS"},"content":{"rendered":"<p>Brindar\u00e1 DIF apoyo a menores con adicciones y promoci\u00f3n de derechos humanos, inform\u00f3 \u00d3scar G\u00f3mez Niembro, director del sistema estatal DIF.<\/p>\n<p>Asimismo asegur\u00f3 que en el mes de julio se pondr\u00e1n en marcha dos programas relacionados con la atenci\u00f3n de menores con adicciones y de prevenci\u00f3n y respeto de derechos de las ni\u00f1as, ni\u00f1os y adolescentes.<\/p>\n<p>&#8220;Estamos por arrancar en julio dos distintos proyectos relacionados con protecci\u00f3n de derechos de ni\u00f1as, ni\u00f1os y adolescentes. Hemos estado trabajando fuerte, insisto, son proyectos que se han construido con varias mesas de trabajo, hemos sumado a distintas asociaciones civiles, \u00e1reas de procuradur\u00eda de protecci\u00f3n de ni\u00f1as, ni\u00f1os y adolescentes&#8221;, mencion\u00f3.<\/p>\n<p>Refiri\u00f3 que uno de los programas est\u00e1 enfocado en atender a menores infractores de la ley penal que tienen alguna adicci\u00f3n, as\u00ed como a los menores que se encuentran bajo resguardo del DIF estatal; detall\u00f3 que, en el \u00faltimo caso, se ha identificado a entre 50 y 70 adolescentes con problemas de adicciones.<\/p>\n<p>&#8220;Estamos construyendo un programa a cargo de distintos psic\u00f3logos que tendr\u00e1 como objetivo tratar de restituirles las condiciones que tienen y sus derechos&#8221;, a\u00f1adi\u00f3.<\/p>\n<p>Coment\u00f3 que, en este caso, el programo se inici\u00f3 pensando en dirigirse a la poblaci\u00f3n de adolescentes en conflicto con la ley penal, que es de entre 20 a 30 adolescentes en Quer\u00e9taro; sin embargo, se ampliar\u00e1 a los menores institucionalizados que son aproximadamente 400, de los cuales 130 se encuentan bajo tutela definititva del DIF.<\/p>\n<p>El segundo programa consiste en realizar una gira por los 18 municipios del estado de Quer\u00e9taro para promover una cultura de prevenci\u00f3n y respeto de derechos de ni\u00f1as, ni\u00f1os y adolescentes, a trav\u00e9s del cual se brindar\u00e1n conferencias, talleres y actividades dirigidas a ni\u00f1as, ni\u00f1os, adolescentes, padres de familia y maestros.<\/p>\n","protected":false},"excerpt":{"rendered":"<p>Brindar\u00e1 DIF apoyo a menores con adicciones y promoci\u00f3n de derechos humanos, inform\u00f3 \u00d3scar G\u00f3mez Niembro, director del sistema estatal DIF. Asimismo asegur\u00f3 que en el mes de julio se pondr\u00e1n en marcha dos programas relacionados con la atenci\u00f3n de menores con adicciones y de prevenci\u00f3n y respeto de derechos de las ni\u00f1as, ni\u00f1os y adolescentes. &#8220;Estamos por arrancar en<\/p>\n<div class=\"h10\"><\/div>\n<p><a class=\"more-link2 flat\" href=\"https:\/\/elconspirador.com.mx\/?p=25523\">Leer m\u00e1s<\/a><\/p>\n","protected":false},"author":1,"featured_media":25524,"comment_status":"open","ping_status":"open","sticky":false,"template":"","format":"standard","meta":{"om_disable_all_campaigns":false,"_uf_show_specific_survey":0,"_uf_disable_surveys":false},"categories":[68],"tags":[],"aioseo_notices":[],"_links":{"self":[{"href":"https:\/\/elconspirador.com.mx\/index.php?rest_route=\/wp\/v2\/posts\/25523"}],"collection":[{"href":"https:\/\/elconspirador.com.mx\/index.php?rest_route=\/wp\/v2\/posts"}],"about":[{"href":"https:\/\/elconspirador.com.mx\/index.php?rest_route=\/wp\/v2\/types\/post"}],"author":[{"embeddable":true,"href":"https:\/\/elconspirador.com.mx\/index.php?rest_route=\/wp\/v2\/users\/1"}],"replies":[{"embeddable":true,"href":"https:\/\/elconspirador.com.mx\/index.php?rest_route=%2Fwp%2Fv2%2Fcomments&post=25523"}],"version-history":[{"count":1,"href":"https:\/\/elconspirador.com.mx\/index.php?rest_route=\/wp\/v2\/posts\/25523\/revisions"}],"predecessor-version":[{"id":25525,"href":"https:\/\/elconspirador.com.mx\/index.php?rest_route=\/wp\/v2\/posts\/25523\/revisions\/25525"}],"wp:featuredmedia":[{"embeddable":true,"href":"https:\/\/elconspirador.com.mx\/index.php?rest_route=\/wp\/v2\/media\/25524"}],"wp:attachment":[{"href":"https:\/\/elconspirador.com.mx\/index.php?rest_route=%2Fwp%2Fv2%2Fmedia&parent=25523"}],"wp:term":[{"taxonomy":"category","embeddable":true,"href":"https:\/\/elconspirador.com.mx\/index.php?rest_route=%2Fwp%2Fv2%2Fcategories&post=25523"},{"taxonomy":"post_tag","embeddable":true,"href":"https:\/\/elconspirador.com.mx\/index.php?rest_route=%2Fwp%2Fv2%2Ftags&post=25523"}],"curies":[{"name":"wp","href":"https:\/\/api.w.org\/{rel}","templated":true}]}}