{"id":25526,"date":"2023-04-21T11:56:16","date_gmt":"2023-04-21T11:56:16","guid":{"rendered":"https:\/\/elconspirador.com.mx\/?p=25526"},"modified":"2023-04-21T11:56:16","modified_gmt":"2023-04-21T11:56:16","slug":"festival-de-los-ninos-tendra-dos-celebraciones-en-la-capital","status":"publish","type":"post","link":"https:\/\/elconspirador.com.mx\/?p=25526","title":{"rendered":"FESTIVAL DE LOS NI\u00d1OS TENDR\u00c1 DOS CELEBRACIONES EN LA CAPITAL"},"content":{"rendered":"<p>Los d\u00edas 23 y 30 de abril se llevar\u00e1 a cabo el Festival de la Alegr\u00eda de las ni\u00f1as y los ni\u00f1os en dos sedes del municipio de Quer\u00e9taro, anunci\u00f3 Gabriela Valencia Garc\u00eda, directora del DIF en la capital.<\/p>\n<p>Detall\u00f3 que el 23 de abril el evento se realizar\u00e1 en el parque Quer\u00e9taro 2000 y el 30 de abril en la unidad deportiva Plutarco El\u00edas Calles, en El Tintero. Ambos eventos se realizar\u00e1n a partir de las 9:00 horas.<\/p>\n<p>&#8220;Queremos mantener en las infancias la ilusi\u00f3n, inocencia y capacidad de asombro que solo los chiquitenes tienen, acompa\u00f1ados de sus pap\u00e1s y mam\u00e1s&#8221;, dijo.<\/p>\n<p>\u00d3scar G\u00f3mez Niembro, director del sistema estatal DIF, mencion\u00f3 que en ambos eventos se tendr\u00e1n distintas actividades como sets fotogr\u00e1ficos con personajes de pel\u00edculos o videojuegos, presentaciones estelares, rifas y otras din\u00e1micas con duraci\u00f3n aproximada de tres horas y media.<\/p>\n<p>Indic\u00f3 que el acceso para ambos eventos ser\u00e1 gratuito; sin embargo, fueron entregados boletos en las siete delegaciones municipales para que los menores de 0 a 12 a\u00f1os participen en las rifas; a\u00f1adi\u00f3 que se estiman aforos aproximados de tres mil a cinco mil asistentes.<\/p>\n<p>Adelant\u00f3 que las fechas que se establecieron para los festivales fueron 19 de abril en El Marqu\u00e9s, 20 de abril en Cadereyta de Montes, 23 de abril en Quer\u00e9taro, 28 de abril en Corregidora, 29 de abril en San Juan del R\u00edo y 30 de abril en Quer\u00e9taro.<\/p>\n","protected":false},"excerpt":{"rendered":"<p>Los d\u00edas 23 y 30 de abril se llevar\u00e1 a cabo el Festival de la Alegr\u00eda de las ni\u00f1as y los ni\u00f1os en dos sedes del municipio de Quer\u00e9taro, anunci\u00f3 Gabriela Valencia Garc\u00eda, directora del DIF en la capital. Detall\u00f3 que el 23 de abril el evento se realizar\u00e1 en el parque Quer\u00e9taro 2000 y el 30 de abril en<\/p>\n<div class=\"h10\"><\/div>\n<p><a class=\"more-link2 flat\" href=\"https:\/\/elconspirador.com.mx\/?p=25526\">Leer m\u00e1s<\/a><\/p>\n","protected":false},"author":1,"featured_media":25531,"comment_status":"open","ping_status":"open","sticky":false,"template":"","format":"standard","meta":{"om_disable_all_campaigns":false,"_uf_show_specific_survey":0,"_uf_disable_surveys":false},"categories":[68],"tags":[],"aioseo_notices":[],"_links":{"self":[{"href":"https:\/\/elconspirador.com.mx\/index.php?rest_route=\/wp\/v2\/posts\/25526"}],"collection":[{"href":"https:\/\/elconspirador.com.mx\/index.php?rest_route=\/wp\/v2\/posts"}],"about":[{"href":"https:\/\/elconspirador.com.mx\/index.php?rest_route=\/wp\/v2\/types\/post"}],"author":[{"embeddable":true,"href":"https:\/\/elconspirador.com.mx\/index.php?rest_route=\/wp\/v2\/users\/1"}],"replies":[{"embeddable":true,"href":"https:\/\/elconspirador.com.mx\/index.php?rest_route=%2Fwp%2Fv2%2Fcomments&post=25526"}],"version-history":[{"count":1,"href":"https:\/\/elconspirador.com.mx\/index.php?rest_route=\/wp\/v2\/posts\/25526\/revisions"}],"predecessor-version":[{"id":25532,"href":"https:\/\/elconspirador.com.mx\/index.php?rest_route=\/wp\/v2\/posts\/25526\/revisions\/25532"}],"wp:featuredmedia":[{"embeddable":true,"href":"https:\/\/elconspirador.com.mx\/index.php?rest_route=\/wp\/v2\/media\/25531"}],"wp:attachment":[{"href":"https:\/\/elconspirador.com.mx\/index.php?rest_route=%2Fwp%2Fv2%2Fmedia&parent=25526"}],"wp:term":[{"taxonomy":"category","embeddable":true,"href":"https:\/\/elconspirador.com.mx\/index.php?rest_route=%2Fwp%2Fv2%2Fcategories&post=25526"},{"taxonomy":"post_tag","embeddable":true,"href":"https:\/\/elconspirador.com.mx\/index.php?rest_route=%2Fwp%2Fv2%2Ftags&post=25526"}],"curies":[{"name":"wp","href":"https:\/\/api.w.org\/{rel}","templated":true}]}}