{"id":25541,"date":"2023-04-21T01:26:22","date_gmt":"2023-04-21T01:26:22","guid":{"rendered":"https:\/\/elconspirador.com.mx\/?p=25541"},"modified":"2023-04-21T01:26:56","modified_gmt":"2023-04-21T01:26:56","slug":"poliomielitis-y-sarampion-podrian-regresar-por-falta-de-vacunacion","status":"publish","type":"post","link":"https:\/\/elconspirador.com.mx\/?p=25541","title":{"rendered":"POLIOMIELITIS Y SARAMPI\u00d3N PODR\u00cdAN REGRESAR POR FALTA DE VACUNACI\u00d3N"},"content":{"rendered":"<p>Poliomielitis y sarampi\u00f3n son dos de las enfermedades que podr\u00edan tener un rebrote en M\u00e9xico. \u00bfLa raz\u00f3n? Ni\u00f1os y ni\u00f1as no est\u00e1n siendo vacunados.<\/p>\n<p>\u201cEn M\u00e9xico y en todos los pa\u00edses de Am\u00e9rica Latina y el Caribe, todos los pa\u00edses, porque hay un riesgo en este momento de que enfermedades que ya est\u00e1n eliminadas de la regi\u00f3n, como la poliomielitis o como el sarampi\u00f3n, puedan regresar\u201d.<\/p>\n<p>Jarbas Barbosa, director de la OPS.none<\/p>\n<p>Hay una crisis en los servicios de vacunaci\u00f3n<\/p>\n<p>Pero no son las \u00fanicas enfermedades, tambi\u00e9n difteria y t\u00e9tanos.<\/p>\n<p>\u201cLas Am\u00e9ricas se enfrentan a una crisis inminente en torno a los servicios de vacunaci\u00f3n (\u2026) En 2021, m\u00e1s de 2.7 millones de ni\u00f1os, es decir, uno de cada cinco ni\u00f1os de la regi\u00f3n, no recibieron todas sus dosis de vacunas, dej\u00e1ndolos susceptibles a enfermedades como la polio, difteria, sarampi\u00f3n y t\u00e9tanos\u201d.<\/p>\n<p>Jarbas Barbosa, director de la OPS.none<br \/>\nDesconfianza a vacunaci\u00f3n debido a la desinformaci\u00f3n<\/p>\n<p>El aumento de la reticencia a la vacunaci\u00f3n debido a la desinformaci\u00f3n, explic\u00f3, es una de las causas por las cuales no se est\u00e1n cubriendo los esquemas.<\/p>\n<p>\u201cM\u00e9xico y Brasil tienen mayor poblaci\u00f3n de ni\u00f1os con cero dosis de vacunaci\u00f3n, que son los ni\u00f1os que m\u00e1s nos preocupan en ese momento\u201d.<\/p>\n","protected":false},"excerpt":{"rendered":"<p>Poliomielitis y sarampi\u00f3n son dos de las enfermedades que podr\u00edan tener un rebrote en M\u00e9xico. \u00bfLa raz\u00f3n? Ni\u00f1os y ni\u00f1as no est\u00e1n siendo vacunados. \u201cEn M\u00e9xico y en todos los pa\u00edses de Am\u00e9rica Latina y el Caribe, todos los pa\u00edses, porque hay un riesgo en este momento de que enfermedades que ya est\u00e1n eliminadas de la regi\u00f3n, como la poliomielitis<\/p>\n<div class=\"h10\"><\/div>\n<p><a class=\"more-link2 flat\" href=\"https:\/\/elconspirador.com.mx\/?p=25541\">Leer m\u00e1s<\/a><\/p>\n","protected":false},"author":1,"featured_media":25542,"comment_status":"open","ping_status":"open","sticky":false,"template":"","format":"standard","meta":{"om_disable_all_campaigns":false,"_uf_show_specific_survey":0,"_uf_disable_surveys":false},"categories":[69,68],"tags":[],"aioseo_notices":[],"_links":{"self":[{"href":"https:\/\/elconspirador.com.mx\/index.php?rest_route=\/wp\/v2\/posts\/25541"}],"collection":[{"href":"https:\/\/elconspirador.com.mx\/index.php?rest_route=\/wp\/v2\/posts"}],"about":[{"href":"https:\/\/elconspirador.com.mx\/index.php?rest_route=\/wp\/v2\/types\/post"}],"author":[{"embeddable":true,"href":"https:\/\/elconspirador.com.mx\/index.php?rest_route=\/wp\/v2\/users\/1"}],"replies":[{"embeddable":true,"href":"https:\/\/elconspirador.com.mx\/index.php?rest_route=%2Fwp%2Fv2%2Fcomments&post=25541"}],"version-history":[{"count":2,"href":"https:\/\/elconspirador.com.mx\/index.php?rest_route=\/wp\/v2\/posts\/25541\/revisions"}],"predecessor-version":[{"id":25545,"href":"https:\/\/elconspirador.com.mx\/index.php?rest_route=\/wp\/v2\/posts\/25541\/revisions\/25545"}],"wp:featuredmedia":[{"embeddable":true,"href":"https:\/\/elconspirador.com.mx\/index.php?rest_route=\/wp\/v2\/media\/25542"}],"wp:attachment":[{"href":"https:\/\/elconspirador.com.mx\/index.php?rest_route=%2Fwp%2Fv2%2Fmedia&parent=25541"}],"wp:term":[{"taxonomy":"category","embeddable":true,"href":"https:\/\/elconspirador.com.mx\/index.php?rest_route=%2Fwp%2Fv2%2Fcategories&post=25541"},{"taxonomy":"post_tag","embeddable":true,"href":"https:\/\/elconspirador.com.mx\/index.php?rest_route=%2Fwp%2Fv2%2Ftags&post=25541"}],"curies":[{"name":"wp","href":"https:\/\/api.w.org\/{rel}","templated":true}]}}