{"id":25550,"date":"2023-04-21T02:51:45","date_gmt":"2023-04-21T02:51:45","guid":{"rendered":"https:\/\/elconspirador.com.mx\/?p=25550"},"modified":"2023-04-21T02:51:45","modified_gmt":"2023-04-21T02:51:45","slug":"ya-se-vendio-el-avion-presidencial-amlo","status":"publish","type":"post","link":"https:\/\/elconspirador.com.mx\/?p=25550","title":{"rendered":"YA SE VENDI\u00d3 EL AVI\u00d3N PRESIDENCIAL: AMLO"},"content":{"rendered":"<p>El presidente de M\u00e9xico, Andr\u00e9s Manuel L\u00f3pez Obrador (AMLO), inform\u00f3 que fue vendido el avi\u00f3n presidencial en \u201cmil 658 millones 684 mil 400 pesos, de conformidad con el aval\u00fao oficial\u201d. El comprador fue el Gobierno de Tayikist\u00e1n, que ya hizo el dep\u00f3sito correspondiente a la cuenta del Instituto para Devolver al Pueblo lo Robado. El recurso se utilizar\u00e1 para construir dos hospitales. La comercializaci\u00f3n de la aeronave, que fue utilizada para trasladar a connacionales a los Juegos Ol\u00edmpicos de Tokio, fue uno de sus compromisos de campa\u00f1a.<\/p>\n<p>AMLO explic\u00f3 que el recurso obtenido por la venta del avi\u00f3n presidencial ser\u00e1 destinado a la construcci\u00f3n de dos hospitales, en Tlapa, Guerrero, y en Tuxtepec, Oaxaca, que ser\u00e1n edificados por los ingenieros militares.<\/p>\n<p>Se comprometi\u00f3 a inaugurar ambos nosocomios antes de terminar su mandato.<\/p>\n<p>El avi\u00f3n presidencial es una aeronave Boeing 787-8 Dreamliner, que fue utilizado durante la presidencia de Enrique Pe\u00f1a Nieto, aunque adquirido en la administraci\u00f3n de su antecesor, Felipe Calder\u00f3n. Cuenta con una capacidad para 80 pasajeros, incluyendo una secci\u00f3n VIP para el uso del presidente de M\u00e9xico y su equipo de trabajo.<\/p>\n<p>Desde que asumi\u00f3 la presidencia, en diciembre de 2018, el presidente Andr\u00e9s Manuel L\u00f3pez Obrador intent\u00f3 vender el avi\u00f3n presidencial, como parte de su pol\u00edtica de austeridad. Sin embargo, la venta del avi\u00f3n hab\u00eda resultado dif\u00edcil, debido a su alto costo.<\/p>\n<p>El avi\u00f3n presidencial permaneci\u00f3 en custodia del Gobierno mexicano en el Aeropuerto Internacional de la Ciudad de M\u00e9xico.<\/p>\n","protected":false},"excerpt":{"rendered":"<p>El presidente de M\u00e9xico, Andr\u00e9s Manuel L\u00f3pez Obrador (AMLO), inform\u00f3 que fue vendido el avi\u00f3n presidencial en \u201cmil 658 millones 684 mil 400 pesos, de conformidad con el aval\u00fao oficial\u201d. El comprador fue el Gobierno de Tayikist\u00e1n, que ya hizo el dep\u00f3sito correspondiente a la cuenta del Instituto para Devolver al Pueblo lo Robado. El recurso se utilizar\u00e1 para construir<\/p>\n<div class=\"h10\"><\/div>\n<p><a class=\"more-link2 flat\" href=\"https:\/\/elconspirador.com.mx\/?p=25550\">Leer m\u00e1s<\/a><\/p>\n","protected":false},"author":1,"featured_media":25551,"comment_status":"open","ping_status":"open","sticky":false,"template":"","format":"standard","meta":{"om_disable_all_campaigns":false,"_uf_show_specific_survey":0,"_uf_disable_surveys":false},"categories":[70],"tags":[],"aioseo_notices":[],"_links":{"self":[{"href":"https:\/\/elconspirador.com.mx\/index.php?rest_route=\/wp\/v2\/posts\/25550"}],"collection":[{"href":"https:\/\/elconspirador.com.mx\/index.php?rest_route=\/wp\/v2\/posts"}],"about":[{"href":"https:\/\/elconspirador.com.mx\/index.php?rest_route=\/wp\/v2\/types\/post"}],"author":[{"embeddable":true,"href":"https:\/\/elconspirador.com.mx\/index.php?rest_route=\/wp\/v2\/users\/1"}],"replies":[{"embeddable":true,"href":"https:\/\/elconspirador.com.mx\/index.php?rest_route=%2Fwp%2Fv2%2Fcomments&post=25550"}],"version-history":[{"count":1,"href":"https:\/\/elconspirador.com.mx\/index.php?rest_route=\/wp\/v2\/posts\/25550\/revisions"}],"predecessor-version":[{"id":25552,"href":"https:\/\/elconspirador.com.mx\/index.php?rest_route=\/wp\/v2\/posts\/25550\/revisions\/25552"}],"wp:featuredmedia":[{"embeddable":true,"href":"https:\/\/elconspirador.com.mx\/index.php?rest_route=\/wp\/v2\/media\/25551"}],"wp:attachment":[{"href":"https:\/\/elconspirador.com.mx\/index.php?rest_route=%2Fwp%2Fv2%2Fmedia&parent=25550"}],"wp:term":[{"taxonomy":"category","embeddable":true,"href":"https:\/\/elconspirador.com.mx\/index.php?rest_route=%2Fwp%2Fv2%2Fcategories&post=25550"},{"taxonomy":"post_tag","embeddable":true,"href":"https:\/\/elconspirador.com.mx\/index.php?rest_route=%2Fwp%2Fv2%2Ftags&post=25550"}],"curies":[{"name":"wp","href":"https:\/\/api.w.org\/{rel}","templated":true}]}}