{"id":25560,"date":"2023-04-21T14:49:33","date_gmt":"2023-04-21T14:49:33","guid":{"rendered":"https:\/\/elconspirador.com.mx\/?p=25560"},"modified":"2023-04-21T14:49:33","modified_gmt":"2023-04-21T14:49:33","slug":"maras-salvatruchas-buscan-refugio-en-mexico","status":"publish","type":"post","link":"https:\/\/elconspirador.com.mx\/?p=25560","title":{"rendered":"MARAS SALVATRUCHAS BUSCAN REFUGIO EN M\u00c9XICO"},"content":{"rendered":"<p>Ha pasado m\u00e1s de un a\u00f1o desde que <strong data-reader-unique-id=\"2\">el presidente de El Salvador, Nayib Bukele,\u00a0\u00a0decretara el r\u00e9gimen de excepci\u00f3n para combatir\u00a0a\u00a0las Maras Salvatruchas<\/strong>, una organizaci\u00f3n criminal cuyas actividades delictivas incluyen narcotr\u00e1fico, robo, extorsi\u00f3n, <strong data-reader-unique-id=\"4\">trata de personas<\/strong>, inmigraci\u00f3n ilegal, blanqueo de dinero, <strong data-reader-unique-id=\"5\">asesinatos<\/strong>, proxenetismo, crimen, asalto, secuestro y tr\u00e1fico de armas; aunque para la poblaci\u00f3n salvadore\u00f1a ha sido todo un \u00e9xito, esto ha creado un efecto domin\u00f3 en los pa\u00edses cercanos, donde cada vez es m\u00e1s com\u00fan la presencia de este grupo delictivo, hasta ahora los m\u00e1s afectados son <strong data-reader-unique-id=\"6\">M\u00e9xico<\/strong> y <strong data-reader-unique-id=\"7\">Guatemala<\/strong>.<\/p>\n<p data-reader-unique-id=\"63\">BBC refiere que la MS-13 est\u00e1 presente en M\u00e9xico, al menos, desde los primeros a\u00f1os de la d\u00e9cada de los 2000 y que incluso se han aliado con algunos c\u00e1rteles mexicanos. El martes fue detenido en la alcald\u00eda Cuauht\u00e9moc,<strong data-reader-unique-id=\"64\"> Jos\u00e9 Wilfredo &#8220;N&#8221; alias &#8220;El Indio de Hollywood&#8221;, <\/strong>integrante del grupo delictivo Mara Salvatrucha, inform\u00f3 el titular de la Secretar\u00eda de Seguridad Ciudadana de la Ciudad de M\u00e9xico, <strong data-reader-unique-id=\"65\">Omar Garc\u00eda Harfuch.<\/strong><\/p>\n<p data-reader-unique-id=\"66\"><strong data-reader-unique-id=\"67\">Se le acusa de homicidio, robo, portaci\u00f3n de armas, adem\u00e1s de que cuenta con una orden aprehensi\u00f3n en Houston, Estados Unidos,<\/strong> fue aprehendido por elementos de la Secretar\u00eda de Seguridad Ciudadana (SSC) de la Ciudad de M\u00e9xico, la Secretar\u00eda de Marina-Armada de M\u00e9xico (Semar) y del Centro Nacional de Inteligencia (CNI).<\/p>\n<p data-reader-unique-id=\"66\">Era buscado por su presunta participaci\u00f3n en la direcci\u00f3n de las actividades de la\u00a0MS-13\u00a0en los\u00a0Estados Unidos,\u00a0M\u00e9xico\u00a0y El\u00a0Salvador,\u00a0ya que se presume que es un\u00a0alto l\u00edder del grupo criminal , precis\u00f3\u00a0la\u00a0Oficina Federal de Investigaci\u00f3n de Estados Unidos\u00a0(FBI).<\/p>\n","protected":false},"excerpt":{"rendered":"<p>Ha pasado m\u00e1s de un a\u00f1o desde que el presidente de El Salvador, Nayib Bukele,\u00a0\u00a0decretara el r\u00e9gimen de excepci\u00f3n para combatir\u00a0a\u00a0las Maras Salvatruchas, una organizaci\u00f3n criminal cuyas actividades delictivas incluyen narcotr\u00e1fico, robo, extorsi\u00f3n, trata de personas, inmigraci\u00f3n ilegal, blanqueo de dinero, asesinatos, proxenetismo, crimen, asalto, secuestro y tr\u00e1fico de armas; aunque para la poblaci\u00f3n salvadore\u00f1a ha sido todo un \u00e9xito,<\/p>\n<div class=\"h10\"><\/div>\n<p><a class=\"more-link2 flat\" href=\"https:\/\/elconspirador.com.mx\/?p=25560\">Leer m\u00e1s<\/a><\/p>\n","protected":false},"author":1,"featured_media":25561,"comment_status":"open","ping_status":"open","sticky":false,"template":"","format":"standard","meta":{"om_disable_all_campaigns":false,"_uf_show_specific_survey":0,"_uf_disable_surveys":false},"categories":[70],"tags":[],"aioseo_notices":[],"_links":{"self":[{"href":"https:\/\/elconspirador.com.mx\/index.php?rest_route=\/wp\/v2\/posts\/25560"}],"collection":[{"href":"https:\/\/elconspirador.com.mx\/index.php?rest_route=\/wp\/v2\/posts"}],"about":[{"href":"https:\/\/elconspirador.com.mx\/index.php?rest_route=\/wp\/v2\/types\/post"}],"author":[{"embeddable":true,"href":"https:\/\/elconspirador.com.mx\/index.php?rest_route=\/wp\/v2\/users\/1"}],"replies":[{"embeddable":true,"href":"https:\/\/elconspirador.com.mx\/index.php?rest_route=%2Fwp%2Fv2%2Fcomments&post=25560"}],"version-history":[{"count":1,"href":"https:\/\/elconspirador.com.mx\/index.php?rest_route=\/wp\/v2\/posts\/25560\/revisions"}],"predecessor-version":[{"id":25562,"href":"https:\/\/elconspirador.com.mx\/index.php?rest_route=\/wp\/v2\/posts\/25560\/revisions\/25562"}],"wp:featuredmedia":[{"embeddable":true,"href":"https:\/\/elconspirador.com.mx\/index.php?rest_route=\/wp\/v2\/media\/25561"}],"wp:attachment":[{"href":"https:\/\/elconspirador.com.mx\/index.php?rest_route=%2Fwp%2Fv2%2Fmedia&parent=25560"}],"wp:term":[{"taxonomy":"category","embeddable":true,"href":"https:\/\/elconspirador.com.mx\/index.php?rest_route=%2Fwp%2Fv2%2Fcategories&post=25560"},{"taxonomy":"post_tag","embeddable":true,"href":"https:\/\/elconspirador.com.mx\/index.php?rest_route=%2Fwp%2Fv2%2Ftags&post=25560"}],"curies":[{"name":"wp","href":"https:\/\/api.w.org\/{rel}","templated":true}]}}