{"id":25566,"date":"2023-04-21T14:19:36","date_gmt":"2023-04-21T14:19:36","guid":{"rendered":"https:\/\/elconspirador.com.mx\/?p=25566"},"modified":"2023-04-21T14:19:36","modified_gmt":"2023-04-21T14:19:36","slug":"ucrania-pide-apoyo-a-mexico-para-alcanzar-la-paz","status":"publish","type":"post","link":"https:\/\/elconspirador.com.mx\/?p=25566","title":{"rendered":"UCRANIA PIDE APOY\u00d3 A M\u00c9XICO PARA ALCANZAR LA PAZ"},"content":{"rendered":"<p data-reader-unique-id=\"subheadElement\">&#8220;Los mexicanos y los ucranianos duelen de la misma forma cuando vemos que se pierden vidas inocentes&#8221;, dijo el mandatario ucraniano.<\/p>\n<div data-reader-unique-id=\"1\">\n<p data-reader-unique-id=\"2\">El presidente de Ucrania, <strong data-reader-unique-id=\"3\">Volod\u00edmir Zelenski<\/strong>, le pidi\u00f3 este jueves a M\u00e9xico apoyar la<strong data-reader-unique-id=\"4\"> \u201cF\u00f3rmula ucraniana de la paz\u201d<\/strong> para poner fin a la agresi\u00f3n que su pa\u00eds sufre desde hace m\u00e1s de un a\u00f1o por parte de Rusia.<\/p>\n<\/div>\n<div data-reader-unique-id=\"5\">\n<p data-reader-unique-id=\"6\">\u201cLlamamos a todos los pa\u00edses a juntarse por los esfuerzos globales por la implementaci\u00f3n de la f\u00f3rmula ucraniana de la paz, y <strong data-reader-unique-id=\"7\">los invito a escoger<\/strong> qu\u00e9 punto de la f\u00f3rmula de la paz le permitir\u00e1 a M\u00e9xico mostrar su liderazgo\u201d, dijo el mandatario en un mensaje por videoconferencia dirigido al <strong data-reader-unique-id=\"8\">Grupo de Amistad M\u00e9xico-Ucrania del Congreso<\/strong> de los Diputados.<\/p>\n<\/div>\n<div data-reader-unique-id=\"9\">\n<p data-reader-unique-id=\"10\">Zelenski insisti\u00f3 en que <strong data-reader-unique-id=\"11\">el mundo est\u00e1 lleno de \u201chipocres\u00eda\u201d<\/strong>, pues Rusia, que invadi\u00f3 Ucrania el 24 de febrero de 2022, presume querer la paz.<\/p>\n<\/div>\n<div data-reader-unique-id=\"13\">\n<p data-reader-unique-id=\"14\">Sin embargo:\u00a0\u201cA\u00fan se quedan en nuestra tierra y <strong data-reader-unique-id=\"15\">quitan a diario las vidas de nuestra gente<\/strong>\u201c, denunci\u00f3 el l\u00edder ucraniano.<\/p>\n<div data-reader-unique-id=\"20\">\n<p data-reader-unique-id=\"21\">El presidente de Ucrania inst\u00f3 a M\u00e9xico a mostrara su liderazgo en la regi\u00f3n y a Am\u00e9rica Latina a demostrar su unidad en beneficio de la defensa de los principios globales de integridad territorial y <strong data-reader-unique-id=\"22\">respeto a la soberan\u00eda de las naciones.\u00a0\u00a0<\/strong><\/p>\n<\/div>\n<div data-reader-unique-id=\"24\">\n<p data-reader-unique-id=\"25\">\u201cCreo que con la ayuda de M\u00e9xico <strong data-reader-unique-id=\"26\">eso podr\u00eda ser mucho m\u00e1s r\u00e1pido<\/strong>\u201c, asegur\u00f3.<\/p>\n<\/div>\n<div data-reader-unique-id=\"27\">\n<p>&nbsp;<\/p>\n<\/div>\n<\/div>\n","protected":false},"excerpt":{"rendered":"<p>&#8220;Los mexicanos y los ucranianos duelen de la misma forma cuando vemos que se pierden vidas inocentes&#8221;, dijo el mandatario ucraniano. El presidente de Ucrania, Volod\u00edmir Zelenski, le pidi\u00f3 este jueves a M\u00e9xico apoyar la \u201cF\u00f3rmula ucraniana de la paz\u201d para poner fin a la agresi\u00f3n que su pa\u00eds sufre desde hace m\u00e1s de un a\u00f1o por parte de Rusia.<\/p>\n<div class=\"h10\"><\/div>\n<p><a class=\"more-link2 flat\" href=\"https:\/\/elconspirador.com.mx\/?p=25566\">Leer m\u00e1s<\/a><\/p>\n","protected":false},"author":1,"featured_media":25567,"comment_status":"open","ping_status":"open","sticky":false,"template":"","format":"standard","meta":{"om_disable_all_campaigns":false,"_uf_show_specific_survey":0,"_uf_disable_surveys":false},"categories":[70],"tags":[],"aioseo_notices":[],"_links":{"self":[{"href":"https:\/\/elconspirador.com.mx\/index.php?rest_route=\/wp\/v2\/posts\/25566"}],"collection":[{"href":"https:\/\/elconspirador.com.mx\/index.php?rest_route=\/wp\/v2\/posts"}],"about":[{"href":"https:\/\/elconspirador.com.mx\/index.php?rest_route=\/wp\/v2\/types\/post"}],"author":[{"embeddable":true,"href":"https:\/\/elconspirador.com.mx\/index.php?rest_route=\/wp\/v2\/users\/1"}],"replies":[{"embeddable":true,"href":"https:\/\/elconspirador.com.mx\/index.php?rest_route=%2Fwp%2Fv2%2Fcomments&post=25566"}],"version-history":[{"count":1,"href":"https:\/\/elconspirador.com.mx\/index.php?rest_route=\/wp\/v2\/posts\/25566\/revisions"}],"predecessor-version":[{"id":25568,"href":"https:\/\/elconspirador.com.mx\/index.php?rest_route=\/wp\/v2\/posts\/25566\/revisions\/25568"}],"wp:featuredmedia":[{"embeddable":true,"href":"https:\/\/elconspirador.com.mx\/index.php?rest_route=\/wp\/v2\/media\/25567"}],"wp:attachment":[{"href":"https:\/\/elconspirador.com.mx\/index.php?rest_route=%2Fwp%2Fv2%2Fmedia&parent=25566"}],"wp:term":[{"taxonomy":"category","embeddable":true,"href":"https:\/\/elconspirador.com.mx\/index.php?rest_route=%2Fwp%2Fv2%2Fcategories&post=25566"},{"taxonomy":"post_tag","embeddable":true,"href":"https:\/\/elconspirador.com.mx\/index.php?rest_route=%2Fwp%2Fv2%2Ftags&post=25566"}],"curies":[{"name":"wp","href":"https:\/\/api.w.org\/{rel}","templated":true}]}}