{"id":25569,"date":"2023-04-21T16:32:52","date_gmt":"2023-04-21T16:32:52","guid":{"rendered":"https:\/\/elconspirador.com.mx\/?p=25569"},"modified":"2023-04-21T16:32:52","modified_gmt":"2023-04-21T16:32:52","slug":"queretaro-acatara-recomendacion-de-ddhq","status":"publish","type":"post","link":"https:\/\/elconspirador.com.mx\/?p=25569","title":{"rendered":"QUER\u00c9TARO ACATAR\u00c1 RECOMENDACI\u00d3N DE DDHQ"},"content":{"rendered":"<p>Luego de las recomendaciones, la Secretaria de Gobierno, Guadalupe Murgu\u00eda Guti\u00e9rrez, destac\u00f3 que se acatar\u00e1n las observaciones de la Direcci\u00f3n de Derechos Humanos de Quer\u00e9taro.<\/p>\n<p>L anterior, porque la Defensor\u00eda emiti\u00f3 recomendaciones por la violaci\u00f3n a los derechos humanos de los manifestantes contra el agua, quienes fueron desalojados de avenida 5 de Febrero el pasado 10 de junio.<\/p>\n<p>&#8220;Desde luego mi postura ha sido siempre atender las recomendaciones que nos haga la Defensor\u00eda de Derechos Humanos. Creo que es una excelente oportunidad para mejorar nuestros procedimientos, nuestros protocolos de actuaci\u00f3n&#8221;.<\/p>\n<p>Por ello indic\u00f3 que habr\u00e1 revisi\u00f3n de los protocolos, pero adem\u00e1s del actuar de los concertadores de la dependencia, a fin de evitar violaciones a los derechos humanos.<\/p>\n<p>&#8220;Yo creo que m\u00e1s que violaciones a derechos humanos, y lo digo con todo respeto, el sentido de la recomendaci\u00f3n es ver c\u00f3mo podemos mejorar nuestros procedimientos, la capacitaci\u00f3n y revisar al interior de la Subsecretar\u00eda de Desarrollo Pol\u00edtico el proceder para actuar de una manera que mejor responda a los deseos de todo tipo de ciudadanos&#8221;.<\/p>\n","protected":false},"excerpt":{"rendered":"<p>Luego de las recomendaciones, la Secretaria de Gobierno, Guadalupe Murgu\u00eda Guti\u00e9rrez, destac\u00f3 que se acatar\u00e1n las observaciones de la Direcci\u00f3n de Derechos Humanos de Quer\u00e9taro. L anterior, porque la Defensor\u00eda emiti\u00f3 recomendaciones por la violaci\u00f3n a los derechos humanos de los manifestantes contra el agua, quienes fueron desalojados de avenida 5 de Febrero el pasado 10 de junio. &#8220;Desde luego<\/p>\n<div class=\"h10\"><\/div>\n<p><a class=\"more-link2 flat\" href=\"https:\/\/elconspirador.com.mx\/?p=25569\">Leer m\u00e1s<\/a><\/p>\n","protected":false},"author":1,"featured_media":25570,"comment_status":"open","ping_status":"open","sticky":false,"template":"","format":"standard","meta":{"om_disable_all_campaigns":false,"_uf_show_specific_survey":0,"_uf_disable_surveys":false},"categories":[68],"tags":[],"aioseo_notices":[],"_links":{"self":[{"href":"https:\/\/elconspirador.com.mx\/index.php?rest_route=\/wp\/v2\/posts\/25569"}],"collection":[{"href":"https:\/\/elconspirador.com.mx\/index.php?rest_route=\/wp\/v2\/posts"}],"about":[{"href":"https:\/\/elconspirador.com.mx\/index.php?rest_route=\/wp\/v2\/types\/post"}],"author":[{"embeddable":true,"href":"https:\/\/elconspirador.com.mx\/index.php?rest_route=\/wp\/v2\/users\/1"}],"replies":[{"embeddable":true,"href":"https:\/\/elconspirador.com.mx\/index.php?rest_route=%2Fwp%2Fv2%2Fcomments&post=25569"}],"version-history":[{"count":1,"href":"https:\/\/elconspirador.com.mx\/index.php?rest_route=\/wp\/v2\/posts\/25569\/revisions"}],"predecessor-version":[{"id":25571,"href":"https:\/\/elconspirador.com.mx\/index.php?rest_route=\/wp\/v2\/posts\/25569\/revisions\/25571"}],"wp:featuredmedia":[{"embeddable":true,"href":"https:\/\/elconspirador.com.mx\/index.php?rest_route=\/wp\/v2\/media\/25570"}],"wp:attachment":[{"href":"https:\/\/elconspirador.com.mx\/index.php?rest_route=%2Fwp%2Fv2%2Fmedia&parent=25569"}],"wp:term":[{"taxonomy":"category","embeddable":true,"href":"https:\/\/elconspirador.com.mx\/index.php?rest_route=%2Fwp%2Fv2%2Fcategories&post=25569"},{"taxonomy":"post_tag","embeddable":true,"href":"https:\/\/elconspirador.com.mx\/index.php?rest_route=%2Fwp%2Fv2%2Ftags&post=25569"}],"curies":[{"name":"wp","href":"https:\/\/api.w.org\/{rel}","templated":true}]}}