{"id":25593,"date":"2023-04-22T04:38:23","date_gmt":"2023-04-22T04:38:23","guid":{"rendered":"https:\/\/elconspirador.com.mx\/?p=25593"},"modified":"2023-04-22T04:38:23","modified_gmt":"2023-04-22T04:38:23","slug":"inaugura-la-capital-primera-etapa-de-centro-cultural-felix-osores","status":"publish","type":"post","link":"https:\/\/elconspirador.com.mx\/?p=25593","title":{"rendered":"INAUGURA LA CAPITAL PRIMERA ETAPA DE CENTRO CULTURAL F\u00c9LIX  OSORES"},"content":{"rendered":"<p>&nbsp;<\/p>\n<p>En cumplimiento al compromiso de crear nuevos espacios para la formaci\u00f3n art\u00edstica y cultural de las ni\u00f1as, ni\u00f1os y j\u00f3venes de la capital, y con ello sumar acciones que fortalezcan el tejido social, el Presidente Municipal, Luis Nava inaugur\u00f3 la primera etapa del Centro Cultural de la Delegaci\u00f3n F\u00e9lix Osores Sotomayor, ubicado en la colonia Santa Ana.<\/p>\n<p>&#8220;Estas instalaciones, sin duda, nos van hacer que podamos fortalecer el tejido social y prevenir muchas conductas de riesgo. Sobre todo queremos que Quer\u00e9taro crezca y sea una ciudad en donde todos quepamos, en donde todos tengan oportunidades, en donde s\u00ed tienen las ni\u00f1as, los ni\u00f1os y los j\u00f3venes la oportunidad de sacar todo su potencial, que sepan que pueden llegar muy lejos y que cuentan con toda la comunidad para lograrlo&#8221;, mencion\u00f3 el Alcalde.<\/p>\n<p>La Secretaria de Cultura Municipal, Teresa Garc\u00eda Besn\u00e9, explic\u00f3 que gracias a estas nuevas instalaciones, al menos 600 ni\u00f1as, ni\u00f1os y j\u00f3venes de las colonias aleda\u00f1as tendr\u00e1n acceso a 35 talleres impartidos por 18 maestros que engloban las disciplinas de danza, m\u00fasica, artes pl\u00e1sticas, artes marciales y desarrollo personal.<\/p>\n<p>Se trata de una infraestructura que requiri\u00f3 una inversi\u00f3n de 11.3 millones de pesos y que explic\u00f3 Oriana L\u00f3pez Castillo, Secretaria de Obras P\u00fablicas Municipales, consta de: sanitarios, un vest\u00edbulo de doble altura, sal\u00f3n de arte, sal\u00f3n de danza y sal\u00f3n de m\u00fasica; adem\u00e1s de oficinas, bodegas y un cuarto de servicio.<\/p>\n<p>La obra se complement\u00f3 con el empedrado ahogado en mortero y la construcci\u00f3n de banquetas con accesibilidad universal sobre la calle 12 de diciembre.<\/p>\n<p>En este recorrido de inauguraci\u00f3n tambi\u00e9n destac\u00f3 la presencia de la Regidora Adriana Fuentes Cort\u00e9s; de la titular del Instituto de la Juventud en el Municipio de Quer\u00e9taro, Sara Elena Urbiola Jim\u00e9nez; as\u00ed como de maestras, maestros, alumnos y padres de familia.<\/p>\n","protected":false},"excerpt":{"rendered":"<p>&nbsp; En cumplimiento al compromiso de crear nuevos espacios para la formaci\u00f3n art\u00edstica y cultural de las ni\u00f1as, ni\u00f1os y j\u00f3venes de la capital, y con ello sumar acciones que fortalezcan el tejido social, el Presidente Municipal, Luis Nava inaugur\u00f3 la primera etapa del Centro Cultural de la Delegaci\u00f3n F\u00e9lix Osores Sotomayor, ubicado en la colonia Santa Ana. &#8220;Estas instalaciones,<\/p>\n<div class=\"h10\"><\/div>\n<p><a class=\"more-link2 flat\" href=\"https:\/\/elconspirador.com.mx\/?p=25593\">Leer m\u00e1s<\/a><\/p>\n","protected":false},"author":1,"featured_media":25594,"comment_status":"open","ping_status":"open","sticky":false,"template":"","format":"standard","meta":{"om_disable_all_campaigns":false,"_uf_show_specific_survey":0,"_uf_disable_surveys":false},"categories":[68],"tags":[],"aioseo_notices":[],"_links":{"self":[{"href":"https:\/\/elconspirador.com.mx\/index.php?rest_route=\/wp\/v2\/posts\/25593"}],"collection":[{"href":"https:\/\/elconspirador.com.mx\/index.php?rest_route=\/wp\/v2\/posts"}],"about":[{"href":"https:\/\/elconspirador.com.mx\/index.php?rest_route=\/wp\/v2\/types\/post"}],"author":[{"embeddable":true,"href":"https:\/\/elconspirador.com.mx\/index.php?rest_route=\/wp\/v2\/users\/1"}],"replies":[{"embeddable":true,"href":"https:\/\/elconspirador.com.mx\/index.php?rest_route=%2Fwp%2Fv2%2Fcomments&post=25593"}],"version-history":[{"count":1,"href":"https:\/\/elconspirador.com.mx\/index.php?rest_route=\/wp\/v2\/posts\/25593\/revisions"}],"predecessor-version":[{"id":25595,"href":"https:\/\/elconspirador.com.mx\/index.php?rest_route=\/wp\/v2\/posts\/25593\/revisions\/25595"}],"wp:featuredmedia":[{"embeddable":true,"href":"https:\/\/elconspirador.com.mx\/index.php?rest_route=\/wp\/v2\/media\/25594"}],"wp:attachment":[{"href":"https:\/\/elconspirador.com.mx\/index.php?rest_route=%2Fwp%2Fv2%2Fmedia&parent=25593"}],"wp:term":[{"taxonomy":"category","embeddable":true,"href":"https:\/\/elconspirador.com.mx\/index.php?rest_route=%2Fwp%2Fv2%2Fcategories&post=25593"},{"taxonomy":"post_tag","embeddable":true,"href":"https:\/\/elconspirador.com.mx\/index.php?rest_route=%2Fwp%2Fv2%2Ftags&post=25593"}],"curies":[{"name":"wp","href":"https:\/\/api.w.org\/{rel}","templated":true}]}}