{"id":25599,"date":"2023-04-21T19:49:38","date_gmt":"2023-04-21T19:49:38","guid":{"rendered":"https:\/\/elconspirador.com.mx\/?p=25599"},"modified":"2023-04-21T19:49:38","modified_gmt":"2023-04-21T19:49:38","slug":"impulsa-corregidora-activa-fest","status":"publish","type":"post","link":"https:\/\/elconspirador.com.mx\/?p=25599","title":{"rendered":"IMPULSA CORREGIDORA ACTIVA FEST"},"content":{"rendered":"<p>Roberto Sosa Pichardo, presidente municipal de Corregidora, se reuni\u00f3 con mujeres l\u00edderes de activaci\u00f3n f\u00edsica en el estado de Quer\u00e9taro, a quienes agradeci\u00f3 su participaci\u00f3n y apoyo en la Activa Fest, realizado el pasado 10 de marzo como parte de las actividades llevadas a cabo por la Secretar\u00eda de la Mujer del municipio, con motivo de la conmemoraci\u00f3n del D\u00eda Internacional de la Mujer.<\/p>\n<p>El edil convivio con las asistentes durante la comida que les fue organizada en agradecimiento por participar y hacer posible dicho evento, que congreg\u00f3 a alrededor de 2 mil mujeres para realizar actividad f\u00edsica y que fue un \u00e9xito.<\/p>\n<p>\u201cDarles las gracias porque creyeron en este proyecto. Y, de verdad, muchas, muchas gracias. Vamos a seguir haciendo muchas acciones de \u00e9stas. Vamos a tener muchos otros eventos, las vamos a invitar. Vengan y conozcan lo que est\u00e1 pasando en el municipio. \u00a1Que vivan las mujeres! \u00a1Que vivan todas ustedes!\u201d, expres\u00f3.<\/p>\n<p>En su intervenci\u00f3n, Roci\u00f3 Corella Ortega, l\u00edder Fitness en Quer\u00e9taro, agradeci\u00f3 y reconoci\u00f3 el trabajo de la administraci\u00f3n municipal para hacer posible un evento de tal magnitud. Subray\u00f3 que las instructoras, m\u00e1s que ser consideradas como personas que realizan actividades de \u201cpasatiempo, son profesionales y motores que impulsan a las mujeres para que liberen situaciones o emociones que viven.<\/p>\n","protected":false},"excerpt":{"rendered":"<p>Roberto Sosa Pichardo, presidente municipal de Corregidora, se reuni\u00f3 con mujeres l\u00edderes de activaci\u00f3n f\u00edsica en el estado de Quer\u00e9taro, a quienes agradeci\u00f3 su participaci\u00f3n y apoyo en la Activa Fest, realizado el pasado 10 de marzo como parte de las actividades llevadas a cabo por la Secretar\u00eda de la Mujer del municipio, con motivo de la conmemoraci\u00f3n del D\u00eda<\/p>\n<div class=\"h10\"><\/div>\n<p><a class=\"more-link2 flat\" href=\"https:\/\/elconspirador.com.mx\/?p=25599\">Leer m\u00e1s<\/a><\/p>\n","protected":false},"author":1,"featured_media":25600,"comment_status":"open","ping_status":"open","sticky":false,"template":"","format":"standard","meta":{"om_disable_all_campaigns":false,"_uf_show_specific_survey":0,"_uf_disable_surveys":false},"categories":[68],"tags":[],"aioseo_notices":[],"_links":{"self":[{"href":"https:\/\/elconspirador.com.mx\/index.php?rest_route=\/wp\/v2\/posts\/25599"}],"collection":[{"href":"https:\/\/elconspirador.com.mx\/index.php?rest_route=\/wp\/v2\/posts"}],"about":[{"href":"https:\/\/elconspirador.com.mx\/index.php?rest_route=\/wp\/v2\/types\/post"}],"author":[{"embeddable":true,"href":"https:\/\/elconspirador.com.mx\/index.php?rest_route=\/wp\/v2\/users\/1"}],"replies":[{"embeddable":true,"href":"https:\/\/elconspirador.com.mx\/index.php?rest_route=%2Fwp%2Fv2%2Fcomments&post=25599"}],"version-history":[{"count":1,"href":"https:\/\/elconspirador.com.mx\/index.php?rest_route=\/wp\/v2\/posts\/25599\/revisions"}],"predecessor-version":[{"id":25601,"href":"https:\/\/elconspirador.com.mx\/index.php?rest_route=\/wp\/v2\/posts\/25599\/revisions\/25601"}],"wp:featuredmedia":[{"embeddable":true,"href":"https:\/\/elconspirador.com.mx\/index.php?rest_route=\/wp\/v2\/media\/25600"}],"wp:attachment":[{"href":"https:\/\/elconspirador.com.mx\/index.php?rest_route=%2Fwp%2Fv2%2Fmedia&parent=25599"}],"wp:term":[{"taxonomy":"category","embeddable":true,"href":"https:\/\/elconspirador.com.mx\/index.php?rest_route=%2Fwp%2Fv2%2Fcategories&post=25599"},{"taxonomy":"post_tag","embeddable":true,"href":"https:\/\/elconspirador.com.mx\/index.php?rest_route=%2Fwp%2Fv2%2Ftags&post=25599"}],"curies":[{"name":"wp","href":"https:\/\/api.w.org\/{rel}","templated":true}]}}