{"id":25602,"date":"2023-04-22T01:12:52","date_gmt":"2023-04-22T01:12:52","guid":{"rendered":"https:\/\/elconspirador.com.mx\/?p=25602"},"modified":"2023-04-22T01:12:52","modified_gmt":"2023-04-22T01:12:52","slug":"intervendran-la-carretera-57-por-las-noches","status":"publish","type":"post","link":"https:\/\/elconspirador.com.mx\/?p=25602","title":{"rendered":"INTERVENDR\u00c1N LA CARRETERA 57 POR LAS NOCHES"},"content":{"rendered":"<p>La secretaria de obras p\u00fablicas del municipio de Quer\u00e9taro comenzar\u00e1 en mayo la rehabilitaci\u00f3n de la carretera 57, anunci\u00f3 Oriana L\u00f3pez Castillo, titular de la dependencia, quien dijo que se trabajar\u00e1 de 22:00 a 5:00 horas.<\/p>\n<p>Refiri\u00f3 que la indicaci\u00f3n es que \u00fanicamente se realicen trabajos nocturnos para evitar tr\u00e1fico vial. A\u00f1adi\u00f3 que la decisi\u00f3n fue tomada durante la mesa de vialidades integrada por gobierno estatal, gobierno municipal y la Secretar\u00eda de Infraestructura, Comunicaciones y Transportes (SICT).<\/p>\n<p>\u201cJusto la parte de mantenimiento que compete a la carpeta asf\u00e1ltica que ya est\u00e1 da\u00f1ada ya estamos coordin\u00e1ndonos, a partir de la segunda quincena o primer quincena de mayo estaremos ya con todo para poder entrar en trabajos nocturnos, hemos tenido mesas\u201d, dijo.<\/p>\n<p>Aclar\u00f3 que la intervenci\u00f3n se realizar\u00e1 por secciones y no en la totalidad de la vialidad, que va de la mega bandera a 5 de febrero.<\/p>\n<p>\u201cTenemos de cuatro a cinco meses destinados para ir trabajando, alarga un poco derivado de que son horarios peque\u00f1os de esta intervenci\u00f3n, no es al 100 por ciento, quiero reiterar que es solo las zonas da\u00f1adas para no afectar m\u00e1s la movilidad de las zonas, centrales principalmente\u201d, a\u00f1adi\u00f3.<\/p>\n<p>Detall\u00f3 que se trata de mantenimiento a la carpeta asf\u00e1ltica y barreras met\u00e1licas que est\u00e9n da\u00f1adas, las cuales tendr\u00e1n una inversi\u00f3n de nueve millones de pesos, siendo la empresa queretana Agacel la encargada de la obra.<\/p>\n","protected":false},"excerpt":{"rendered":"<p>La secretaria de obras p\u00fablicas del municipio de Quer\u00e9taro comenzar\u00e1 en mayo la rehabilitaci\u00f3n de la carretera 57, anunci\u00f3 Oriana L\u00f3pez Castillo, titular de la dependencia, quien dijo que se trabajar\u00e1 de 22:00 a 5:00 horas. Refiri\u00f3 que la indicaci\u00f3n es que \u00fanicamente se realicen trabajos nocturnos para evitar tr\u00e1fico vial. A\u00f1adi\u00f3 que la decisi\u00f3n fue tomada durante la mesa<\/p>\n<div class=\"h10\"><\/div>\n<p><a class=\"more-link2 flat\" href=\"https:\/\/elconspirador.com.mx\/?p=25602\">Leer m\u00e1s<\/a><\/p>\n","protected":false},"author":1,"featured_media":25603,"comment_status":"open","ping_status":"open","sticky":false,"template":"","format":"standard","meta":{"om_disable_all_campaigns":false,"_uf_show_specific_survey":0,"_uf_disable_surveys":false},"categories":[68],"tags":[],"aioseo_notices":[],"_links":{"self":[{"href":"https:\/\/elconspirador.com.mx\/index.php?rest_route=\/wp\/v2\/posts\/25602"}],"collection":[{"href":"https:\/\/elconspirador.com.mx\/index.php?rest_route=\/wp\/v2\/posts"}],"about":[{"href":"https:\/\/elconspirador.com.mx\/index.php?rest_route=\/wp\/v2\/types\/post"}],"author":[{"embeddable":true,"href":"https:\/\/elconspirador.com.mx\/index.php?rest_route=\/wp\/v2\/users\/1"}],"replies":[{"embeddable":true,"href":"https:\/\/elconspirador.com.mx\/index.php?rest_route=%2Fwp%2Fv2%2Fcomments&post=25602"}],"version-history":[{"count":1,"href":"https:\/\/elconspirador.com.mx\/index.php?rest_route=\/wp\/v2\/posts\/25602\/revisions"}],"predecessor-version":[{"id":25604,"href":"https:\/\/elconspirador.com.mx\/index.php?rest_route=\/wp\/v2\/posts\/25602\/revisions\/25604"}],"wp:featuredmedia":[{"embeddable":true,"href":"https:\/\/elconspirador.com.mx\/index.php?rest_route=\/wp\/v2\/media\/25603"}],"wp:attachment":[{"href":"https:\/\/elconspirador.com.mx\/index.php?rest_route=%2Fwp%2Fv2%2Fmedia&parent=25602"}],"wp:term":[{"taxonomy":"category","embeddable":true,"href":"https:\/\/elconspirador.com.mx\/index.php?rest_route=%2Fwp%2Fv2%2Fcategories&post=25602"},{"taxonomy":"post_tag","embeddable":true,"href":"https:\/\/elconspirador.com.mx\/index.php?rest_route=%2Fwp%2Fv2%2Ftags&post=25602"}],"curies":[{"name":"wp","href":"https:\/\/api.w.org\/{rel}","templated":true}]}}