{"id":25605,"date":"2023-04-22T00:16:13","date_gmt":"2023-04-22T00:16:13","guid":{"rendered":"https:\/\/elconspirador.com.mx\/?p=25605"},"modified":"2023-04-22T00:16:13","modified_gmt":"2023-04-22T00:16:13","slug":"amlo-rechaza-ayuda-de-ee-uu-vs-el-narco","status":"publish","type":"post","link":"https:\/\/elconspirador.com.mx\/?p=25605","title":{"rendered":"AMLO RECHAZA AYUDA DE EE.UU. VS EL NARCO"},"content":{"rendered":"<p>El presidente Andr\u00e9s Manuel L\u00f3pez Obrador asegur\u00f3 que M\u00e9xico no acepta ayuda de otros gobiernos para combatir al crimen organizado dentro del territorio mexicano, aunque dijo que s\u00ed habr\u00e1 cooperaci\u00f3n con el gobierno de los Estados Unidos para combatir a bandas del crimen organizado.<\/p>\n<p>Desde el puerto de Veracruz, donde conmemor\u00f3 el 109 aniversario de su Defensa Patri\u00f3tica, el titular del Ejecutivo enfatiz\u00f3 que M\u00e9xico es un pa\u00eds libre que no acepta alg\u00fan tipo de intervenci\u00f3n de otro pa\u00eds.<\/p>\n<p>&#8220;En nuestros d\u00edas en que se habla en Estados Unidos de intervenir y de enfrentar a la delincuencia organizada, a los narcotraficantes, d\u00e1ndoles un trato de terroristas y que por ese motivo van a venir a ayudarnos, a apoyarnos, para enfrentar a la delincuencia organizada.<\/p>\n<p>&#8220;Desde aqu\u00ed, desde el puerto de Veracruz, y que se oiga bien y que se oiga lejos, no aceptamos ninguna intervenci\u00f3n&#8221;, enfatiz\u00f3 el titular del Ejecutivo.<\/p>\n<p>Insisti\u00f3 en que los mexicanos deben resolver sus diferencias entre ellos mismos e insisti\u00f3 en que el gobierno mexicano tiene la capacidad necesaria para afrontar a la delincuencia organizada.<\/p>\n<p>Fuerzas armadas contra delincuencia organizada<\/p>\n<p>El presidente L\u00f3pez Obrador un llamado para que las fuerzas armadas utilicen toda su &#8220;disciplina, profesionalismo e integridad&#8221; para enfrentar a la delincuencia organizada.<\/p>\n<p>&#8220;M\u00e9xico tiene mucha autoridad moral, tiene el respaldo de la mayor\u00eda de las naciones del mundo y cuenta con la fuerza de la raz\u00f3n y cuenta con la fuerza del pueblo, con la fuerza de la opini\u00f3n p\u00fablica, ning\u00fan gobierno extanjero se atrever\u00eda a poner un pie en nuestro territorio.<\/p>\n<p>&#8220;De todas maneras, si lo hicieran no van a defender a M\u00e9xico solo los marinos y los soldados, \u00a1vamos a defender a M\u00e9xico todos los mexicanos!&#8221;, recalc\u00f3 el presidente.<\/p>\n<p>En el mismo tenor, el secretario de Marina, Rafael Ojeda, reiter\u00f3 que &#8220;a M\u00e9xico se le respeta&#8221;.<\/p>\n<p>En el acto conmemorativo, L\u00f3pez Obrador entreg\u00f3 reconocimiento y ascensos a marinos.<\/p>\n","protected":false},"excerpt":{"rendered":"<p>El presidente Andr\u00e9s Manuel L\u00f3pez Obrador asegur\u00f3 que M\u00e9xico no acepta ayuda de otros gobiernos para combatir al crimen organizado dentro del territorio mexicano, aunque dijo que s\u00ed habr\u00e1 cooperaci\u00f3n con el gobierno de los Estados Unidos para combatir a bandas del crimen organizado. Desde el puerto de Veracruz, donde conmemor\u00f3 el 109 aniversario de su Defensa Patri\u00f3tica, el titular<\/p>\n<div class=\"h10\"><\/div>\n<p><a class=\"more-link2 flat\" href=\"https:\/\/elconspirador.com.mx\/?p=25605\">Leer m\u00e1s<\/a><\/p>\n","protected":false},"author":1,"featured_media":25606,"comment_status":"open","ping_status":"open","sticky":false,"template":"","format":"standard","meta":{"om_disable_all_campaigns":false,"_uf_show_specific_survey":0,"_uf_disable_surveys":false},"categories":[70],"tags":[],"aioseo_notices":[],"_links":{"self":[{"href":"https:\/\/elconspirador.com.mx\/index.php?rest_route=\/wp\/v2\/posts\/25605"}],"collection":[{"href":"https:\/\/elconspirador.com.mx\/index.php?rest_route=\/wp\/v2\/posts"}],"about":[{"href":"https:\/\/elconspirador.com.mx\/index.php?rest_route=\/wp\/v2\/types\/post"}],"author":[{"embeddable":true,"href":"https:\/\/elconspirador.com.mx\/index.php?rest_route=\/wp\/v2\/users\/1"}],"replies":[{"embeddable":true,"href":"https:\/\/elconspirador.com.mx\/index.php?rest_route=%2Fwp%2Fv2%2Fcomments&post=25605"}],"version-history":[{"count":1,"href":"https:\/\/elconspirador.com.mx\/index.php?rest_route=\/wp\/v2\/posts\/25605\/revisions"}],"predecessor-version":[{"id":25607,"href":"https:\/\/elconspirador.com.mx\/index.php?rest_route=\/wp\/v2\/posts\/25605\/revisions\/25607"}],"wp:featuredmedia":[{"embeddable":true,"href":"https:\/\/elconspirador.com.mx\/index.php?rest_route=\/wp\/v2\/media\/25606"}],"wp:attachment":[{"href":"https:\/\/elconspirador.com.mx\/index.php?rest_route=%2Fwp%2Fv2%2Fmedia&parent=25605"}],"wp:term":[{"taxonomy":"category","embeddable":true,"href":"https:\/\/elconspirador.com.mx\/index.php?rest_route=%2Fwp%2Fv2%2Fcategories&post=25605"},{"taxonomy":"post_tag","embeddable":true,"href":"https:\/\/elconspirador.com.mx\/index.php?rest_route=%2Fwp%2Fv2%2Ftags&post=25605"}],"curies":[{"name":"wp","href":"https:\/\/api.w.org\/{rel}","templated":true}]}}