{"id":25608,"date":"2023-04-21T22:55:04","date_gmt":"2023-04-21T22:55:04","guid":{"rendered":"https:\/\/elconspirador.com.mx\/?p=25608"},"modified":"2023-04-21T22:55:04","modified_gmt":"2023-04-21T22:55:04","slug":"capitalinos-denuncian-por-exceso-de-ruido","status":"publish","type":"post","link":"https:\/\/elconspirador.com.mx\/?p=25608","title":{"rendered":"CAPITALINOS DENUNCIAN POR EXCESO DE RUIDO"},"content":{"rendered":"<p>El Instituto de ecolog\u00eda y cambio clim\u00e1tico del municipio de Quer\u00e9taro trabaja en una norma t\u00e9cnica municipal de ruido en la que se establecer\u00e1 que los decibiles permitidos ser\u00e1n de 60, cinco puntos por debajo de la norma federal.<\/p>\n<p>Alejandro Angulo Carrera, director del instituto, mencion\u00f3 que la propuesta podr\u00eda quedar aprobada a mediados de este a\u00f1o; indic\u00f3 que a la semana reciben entre una y tres denuncias por ruido emitido por fuentes fijas, las cuales rebasan la norma de 65 decibeles.<\/p>\n<p>&#8220;El principal tema de denuncia actualmente ya no versa sobre los temas de vegetaci\u00f3n, ahora son los temas del ruido, eso viene acompa\u00f1ado porque cualquier ciudad que est\u00e1 en constante crecimiento tambi\u00e9n se incrementa la parte del ruido. El principal ruido es el de los veh\u00edculos de d\u00eda, tarde y noche&#8221;, coment\u00f3.<\/p>\n<p>Angulo Carrera refiri\u00f3 que con las quejas recibidas se elabora un mapa de il\u00edcitos, y detall\u00f3 que, adem\u00e1s, se cuenta con un programa de inspecci\u00f3n y vigilancia, se atienden los temas sobre todo tarde y noche.<\/p>\n<p>Agreg\u00f3 que, incluso, en el Centro Hist\u00f3rico se cuenta con un comit\u00e9 ciudadano del control de ruido que realizan rondas de vigilancia para asegurar que se cumpla con la norma; adem\u00e1s de que a los negocios se les entrega una carta compromiso para que, en caso de rebasar los 65 decibeles, se realicen las adecuaciones necesarias al inmueble.<\/p>\n<p>Refiri\u00f3 que en 2022 las quejas eran principalmente por comercios del Centro Hist\u00f3rico y la zona de Los Arcos, mientras que este 2023 se ha registrado una mayor tendencia en la zona de Santa Rosa J\u00e1uregui. Explic\u00f3 que las multas que se han impuesto van de los 60 a los 90 mil pesos, adem\u00e1s de la obligaci\u00f3n de adecuar el inmueble.<\/p>\n<p>Respecto a los negocios que concentran las principales quejas, dijo que son negocios comerciales con actividad nocturna de m\u00fasica, en vivo o no, principalmente los fines de semana de 22:00 a 3:00 horas, as\u00ed como talleres mec\u00e1nicos por la ma\u00f1ana.<\/p>\n<p>&#8220;Con respecto a las casas habitaci\u00f3n se han denunciado, pero nosotros no tenemos competencia para ingresar a casas particulares, esta es una limitante legal que nosotras tenemos porque no es lo mismo un negocio p\u00fablico que una casa particular, pero se comunica a seguridad p\u00fablica&#8221;, indic\u00f3.<\/p>\n","protected":false},"excerpt":{"rendered":"<p>El Instituto de ecolog\u00eda y cambio clim\u00e1tico del municipio de Quer\u00e9taro trabaja en una norma t\u00e9cnica municipal de ruido en la que se establecer\u00e1 que los decibiles permitidos ser\u00e1n de 60, cinco puntos por debajo de la norma federal. Alejandro Angulo Carrera, director del instituto, mencion\u00f3 que la propuesta podr\u00eda quedar aprobada a mediados de este a\u00f1o; indic\u00f3 que a<\/p>\n<div class=\"h10\"><\/div>\n<p><a class=\"more-link2 flat\" href=\"https:\/\/elconspirador.com.mx\/?p=25608\">Leer m\u00e1s<\/a><\/p>\n","protected":false},"author":1,"featured_media":25609,"comment_status":"open","ping_status":"open","sticky":false,"template":"","format":"standard","meta":{"om_disable_all_campaigns":false,"_uf_show_specific_survey":0,"_uf_disable_surveys":false},"categories":[68],"tags":[],"aioseo_notices":[],"_links":{"self":[{"href":"https:\/\/elconspirador.com.mx\/index.php?rest_route=\/wp\/v2\/posts\/25608"}],"collection":[{"href":"https:\/\/elconspirador.com.mx\/index.php?rest_route=\/wp\/v2\/posts"}],"about":[{"href":"https:\/\/elconspirador.com.mx\/index.php?rest_route=\/wp\/v2\/types\/post"}],"author":[{"embeddable":true,"href":"https:\/\/elconspirador.com.mx\/index.php?rest_route=\/wp\/v2\/users\/1"}],"replies":[{"embeddable":true,"href":"https:\/\/elconspirador.com.mx\/index.php?rest_route=%2Fwp%2Fv2%2Fcomments&post=25608"}],"version-history":[{"count":1,"href":"https:\/\/elconspirador.com.mx\/index.php?rest_route=\/wp\/v2\/posts\/25608\/revisions"}],"predecessor-version":[{"id":25610,"href":"https:\/\/elconspirador.com.mx\/index.php?rest_route=\/wp\/v2\/posts\/25608\/revisions\/25610"}],"wp:featuredmedia":[{"embeddable":true,"href":"https:\/\/elconspirador.com.mx\/index.php?rest_route=\/wp\/v2\/media\/25609"}],"wp:attachment":[{"href":"https:\/\/elconspirador.com.mx\/index.php?rest_route=%2Fwp%2Fv2%2Fmedia&parent=25608"}],"wp:term":[{"taxonomy":"category","embeddable":true,"href":"https:\/\/elconspirador.com.mx\/index.php?rest_route=%2Fwp%2Fv2%2Fcategories&post=25608"},{"taxonomy":"post_tag","embeddable":true,"href":"https:\/\/elconspirador.com.mx\/index.php?rest_route=%2Fwp%2Fv2%2Ftags&post=25608"}],"curies":[{"name":"wp","href":"https:\/\/api.w.org\/{rel}","templated":true}]}}