{"id":25679,"date":"2023-04-23T17:57:44","date_gmt":"2023-04-23T23:57:44","guid":{"rendered":"https:\/\/elconspirador.com.mx\/?p=25679"},"modified":"2023-04-23T17:57:44","modified_gmt":"2023-04-23T23:57:44","slug":"mas-de-4-mil-asisten-a-festival-de-las-ninas-y-los-ninos","status":"publish","type":"post","link":"https:\/\/elconspirador.com.mx\/?p=25679","title":{"rendered":"M\u00c1S DE 4 MIL ASISTEN A FESTIVAL DE LAS NI\u00d1AS Y LOS NI\u00d1OS"},"content":{"rendered":"<p>Con la coordinaci\u00f3n entre el Sistema Municipal DIF y el Sistema Estatal DIF, y con un aforo aproximado de 4 mil 500 ni\u00f1as, ni\u00f1os y padres de familia, se celebr\u00f3 en el Parque Quer\u00e9taro 2000 el primero de dos eventos del &#8220;Festival Alegr\u00eda de las Ni\u00f1as y los Ni\u00f1os&#8221; que a trav\u00e9s de din\u00e1micas familiares y la presencia de los personajes favoritos de las y los m\u00e1s peque\u00f1os del hogar, conmemora el D\u00eda de la Ni\u00f1ez.<\/p>\n<p>Esta primera celebraci\u00f3n, en la que estuvo presente la Directora del Sistema Municipal DIF, Gabriela Valencia Garc\u00eda, consisti\u00f3 en la instalaci\u00f3n de sets de fotograf\u00eda donde las y los ni\u00f1os pudieron interactuar con sus personajes favoritos como son: los s\u00faper h\u00e9roes de DC Comics; las Princesas de Disney, los Minions, Monsters Inc, Mickey Mouse o Mario Bros; adem\u00e1s de hacerlos part\u00edcipes de rifas y shows infantiles.<\/p>\n<p>Con estas actividades que complementan el trabajo diario que impulsa el Sistema Municipal DIF por las y los ni\u00f1os, se busca incentivar la sana convivencia familiar y fomentar el derecho de las ni\u00f1as y los ni\u00f1os a contar con un sano desarrollo integral.<\/p>\n<p>La Unidad Deportiva Plutarco El\u00edas Calles de la colonia El Tintero, ser\u00e1 la sede el pr\u00f3ximo domingo 30 de abril del Festival Alegr\u00eda de las Ni\u00f1as y los Ni\u00f1os, en donde, de igual manera, se llevar\u00e1n a cabo shows, rifas y din\u00e1micas familiares de forma gratuita desde las 10 de la ma\u00f1ana y hasta la 1:30 de la tarde.<\/p>\n<p>Tambi\u00e9n estuvieron presentes en este acto: la Secretaria de Gobierno en el Estado, Guadalupe Murgu\u00eda Guti\u00e9rrez; el Secretario de Desarrollo Social en el Estado, Agust\u00edn Dorantes L\u00e1mbarri; as\u00ed como del Director del Sistema Estatal DIF, \u00d3scar G\u00f3mez Niembro.<\/p>\n","protected":false},"excerpt":{"rendered":"<p>Con la coordinaci\u00f3n entre el Sistema Municipal DIF y el Sistema Estatal DIF, y con un aforo aproximado de 4 mil 500 ni\u00f1as, ni\u00f1os y padres de familia, se celebr\u00f3 en el Parque Quer\u00e9taro 2000 el primero de dos eventos del &#8220;Festival Alegr\u00eda de las Ni\u00f1as y los Ni\u00f1os&#8221; que a trav\u00e9s de din\u00e1micas familiares y la presencia de los<\/p>\n<div class=\"h10\"><\/div>\n<p><a class=\"more-link2 flat\" href=\"https:\/\/elconspirador.com.mx\/?p=25679\">Leer m\u00e1s<\/a><\/p>\n","protected":false},"author":1,"featured_media":25680,"comment_status":"open","ping_status":"open","sticky":false,"template":"","format":"standard","meta":{"om_disable_all_campaigns":false,"_uf_show_specific_survey":0,"_uf_disable_surveys":false},"categories":[1],"tags":[],"aioseo_notices":[],"_links":{"self":[{"href":"https:\/\/elconspirador.com.mx\/index.php?rest_route=\/wp\/v2\/posts\/25679"}],"collection":[{"href":"https:\/\/elconspirador.com.mx\/index.php?rest_route=\/wp\/v2\/posts"}],"about":[{"href":"https:\/\/elconspirador.com.mx\/index.php?rest_route=\/wp\/v2\/types\/post"}],"author":[{"embeddable":true,"href":"https:\/\/elconspirador.com.mx\/index.php?rest_route=\/wp\/v2\/users\/1"}],"replies":[{"embeddable":true,"href":"https:\/\/elconspirador.com.mx\/index.php?rest_route=%2Fwp%2Fv2%2Fcomments&post=25679"}],"version-history":[{"count":1,"href":"https:\/\/elconspirador.com.mx\/index.php?rest_route=\/wp\/v2\/posts\/25679\/revisions"}],"predecessor-version":[{"id":25681,"href":"https:\/\/elconspirador.com.mx\/index.php?rest_route=\/wp\/v2\/posts\/25679\/revisions\/25681"}],"wp:featuredmedia":[{"embeddable":true,"href":"https:\/\/elconspirador.com.mx\/index.php?rest_route=\/wp\/v2\/media\/25680"}],"wp:attachment":[{"href":"https:\/\/elconspirador.com.mx\/index.php?rest_route=%2Fwp%2Fv2%2Fmedia&parent=25679"}],"wp:term":[{"taxonomy":"category","embeddable":true,"href":"https:\/\/elconspirador.com.mx\/index.php?rest_route=%2Fwp%2Fv2%2Fcategories&post=25679"},{"taxonomy":"post_tag","embeddable":true,"href":"https:\/\/elconspirador.com.mx\/index.php?rest_route=%2Fwp%2Fv2%2Ftags&post=25679"}],"curies":[{"name":"wp","href":"https:\/\/api.w.org\/{rel}","templated":true}]}}