{"id":25722,"date":"2023-04-24T23:55:31","date_gmt":"2023-04-25T05:55:31","guid":{"rendered":"https:\/\/elconspirador.com.mx\/?p=25722"},"modified":"2023-04-24T21:45:47","modified_gmt":"2023-04-25T03:45:47","slug":"alistan-amparos-vs-ley-de-ciencia-en-mexico","status":"publish","type":"post","link":"https:\/\/elconspirador.com.mx\/?p=25722","title":{"rendered":"ALISTAN AMPAROS VS LEY DE CIENCIA EN M\u00c9XICO"},"content":{"rendered":"<p>Los investigadores del pa\u00eds podr\u00edan recurrir a amparos individuales para que se discuta la iniciativa de Ley General en materia de Humanidades, Ciencias, Tecnolog\u00edas e Innovaci\u00f3n de acuerdo con los compromisos establecidos, advirti\u00f3 Teresa Garc\u00eda Gasca, rectora de la Universidad Aut\u00f3noma de Quer\u00e9taro (UAQ).<\/p>\n<p>Durante su participaci\u00f3n en el programa &#8220;Pensar la universidad&#8221; en Presencia Universitaria, la rectora adelant\u00f3 que se prev\u00e9 que el dictamen ser\u00e1 discutido este martes en comisi\u00f3n y el jueves 27 de abril en sesi\u00f3n de pleno de la C\u00e1mara de Diputados, por lo que mostr\u00f3 su preocupaci\u00f3 de debatir una iniciativa centralista y discriminatoria.<\/p>\n<p>&#8220;Completamente centralista y, definitivamente, discriminatoria. Estamos pendientes justamente que esta semana se lleve a cabo este dictamen y, bueno, eventualmente estaremos teniendo que tomar otro tipo de alternativas, entre ellas evidentemente pedir a la C\u00e1mara de Senadores los parlamentos abiertos y que se cumpla la palabra de hacer las modificaciones correspondientes y bueno, en todo caso, irnos al amparo en lo particular&#8221;, apunt\u00f3.<\/p>\n<p>Garc\u00eda Gasca record\u00f3 que hace semanas se acord\u00f3 que la iniciativa ser\u00eda discutida entre ambas C\u00e1maras del Congreso de la Uni\u00f3n, as\u00ed como la realizaci\u00f3n de parlamentos abiertos bajo siete tem\u00e1ticas; sin embargo, enfatiz\u00f3 que solo se realizaron dos con los temas derecho humano a gozar de los beneficios de la ciencia, y la definici\u00f3n y dise\u00f1o de la pol\u00edtica p\u00fablica y de sus instrumentos.<\/p>\n<p>Cuestion\u00f3 que no se estableciera el compromiso de que el presupuesto para ciencia y tecnolog\u00eda fuera del 1 por ciento del Producto Interno Bruto (PIB), que se transgreda la autonom\u00eda de los \u00f3rganos de gobierno de los centros p\u00fablicos de investigaci\u00f3n, adem\u00e1s de que no se considere a los investigadores para formar parte de la junta de gobierno del Conacyt y s\u00ed se convoque al sector empresarial y social.<\/p>\n<p>&#8220;Que la persona coordinadora del \u00f3rgano interno invitara con voz y voto a 8 representantes de la comunidad y de los sectores social y privado, entonces realmente esto nos deja nuevamente fuera, es decir, no se le han hecho las modificaciones de fondo a este dictamen, sigue siendo un dictamen, como t\u00fa bien lo dices, centralista, sigue siendo la esencia de la iniciativa que manda el CONACYT. Muy dif\u00edcil y muy cr\u00edtico el tema actualmente en ciencia, tecnolog\u00eda, innovaci\u00f3n y humanidades en nuestro pa\u00eds&#8221;, refiri\u00f3.<\/p>\n","protected":false},"excerpt":{"rendered":"<p>Los investigadores del pa\u00eds podr\u00edan recurrir a amparos individuales para que se discuta la iniciativa de Ley General en materia de Humanidades, Ciencias, Tecnolog\u00edas e Innovaci\u00f3n de acuerdo con los compromisos establecidos, advirti\u00f3 Teresa Garc\u00eda Gasca, rectora de la Universidad Aut\u00f3noma de Quer\u00e9taro (UAQ). Durante su participaci\u00f3n en el programa &#8220;Pensar la universidad&#8221; en Presencia Universitaria, la rectora adelant\u00f3 que<\/p>\n<div class=\"h10\"><\/div>\n<p><a class=\"more-link2 flat\" href=\"https:\/\/elconspirador.com.mx\/?p=25722\">Leer m\u00e1s<\/a><\/p>\n","protected":false},"author":1,"featured_media":25723,"comment_status":"open","ping_status":"open","sticky":false,"template":"","format":"standard","meta":{"om_disable_all_campaigns":false,"_uf_show_specific_survey":0,"_uf_disable_surveys":false},"categories":[1],"tags":[],"aioseo_notices":[],"_links":{"self":[{"href":"https:\/\/elconspirador.com.mx\/index.php?rest_route=\/wp\/v2\/posts\/25722"}],"collection":[{"href":"https:\/\/elconspirador.com.mx\/index.php?rest_route=\/wp\/v2\/posts"}],"about":[{"href":"https:\/\/elconspirador.com.mx\/index.php?rest_route=\/wp\/v2\/types\/post"}],"author":[{"embeddable":true,"href":"https:\/\/elconspirador.com.mx\/index.php?rest_route=\/wp\/v2\/users\/1"}],"replies":[{"embeddable":true,"href":"https:\/\/elconspirador.com.mx\/index.php?rest_route=%2Fwp%2Fv2%2Fcomments&post=25722"}],"version-history":[{"count":1,"href":"https:\/\/elconspirador.com.mx\/index.php?rest_route=\/wp\/v2\/posts\/25722\/revisions"}],"predecessor-version":[{"id":25724,"href":"https:\/\/elconspirador.com.mx\/index.php?rest_route=\/wp\/v2\/posts\/25722\/revisions\/25724"}],"wp:featuredmedia":[{"embeddable":true,"href":"https:\/\/elconspirador.com.mx\/index.php?rest_route=\/wp\/v2\/media\/25723"}],"wp:attachment":[{"href":"https:\/\/elconspirador.com.mx\/index.php?rest_route=%2Fwp%2Fv2%2Fmedia&parent=25722"}],"wp:term":[{"taxonomy":"category","embeddable":true,"href":"https:\/\/elconspirador.com.mx\/index.php?rest_route=%2Fwp%2Fv2%2Fcategories&post=25722"},{"taxonomy":"post_tag","embeddable":true,"href":"https:\/\/elconspirador.com.mx\/index.php?rest_route=%2Fwp%2Fv2%2Ftags&post=25722"}],"curies":[{"name":"wp","href":"https:\/\/api.w.org\/{rel}","templated":true}]}}