{"id":25725,"date":"2023-04-24T22:10:59","date_gmt":"2023-04-25T04:10:59","guid":{"rendered":"https:\/\/elconspirador.com.mx\/?p=25725"},"modified":"2023-04-24T21:45:22","modified_gmt":"2023-04-25T03:45:22","slug":"uaq-pide-no-bajar-la-guardia-en-tema-de-covid-19","status":"publish","type":"post","link":"https:\/\/elconspirador.com.mx\/?p=25725","title":{"rendered":"UAQ PIDE NO BAJAR LA GUARDIA EN TEMA DE COVID-19"},"content":{"rendered":"<p>Teresa Garc\u00eda Gasca, rectora de la Universidad Aut\u00f3noma de Quer\u00e9taro (UAQ), recomend\u00f3 a la sociedad a no bajar la guardia ante los contagios de COVID-19, esto pese a que se ha visualizado una contenci\u00f3n en los casos positivos de esta enfermedad.<\/p>\n<p>La rectora se\u00f1al\u00f3 que, de acuerdo con el sem\u00e1foro institucional, Quer\u00e9taro, Corregidora y San Juan del R\u00edo se mantienen en sem\u00e1foro amarillo por el n\u00famero de casos activos, por lo que llam\u00f3 a tomar las medidas de prevenci\u00f3n necesarias.<\/p>\n<p>&#8220;Efectivamente tuvimos el \u00faltimo pico en enero, en este momento efectivamente est\u00e1 muy abajo, si se dan cuenta esta sexta ola fue muy, muy baja, y eso habla justamente de la contenci\u00f3n; sin embargo, repetimos, la Organizaci\u00f3n Mundial de la Salud no ha declarado el fin de la pandemia y por lo tanto pues hay que continuar con todas las medidas&#8221;, puntualiz\u00f3.<\/p>\n<p>Record\u00f3 que las olas de la pandemia se visualizan, de acuerdo con el hist\u00f3rico, principalmente en las vacaciones de julio y agosto, y las de diciembre y enero.<\/p>\n<p>&#8220;Aunque las vacaciones de Semana Santa siempre incrementan un poquito, pero hacia julio agosto y hacia diciembre enero, entonces pues mantener cuidado, saber que siguen present\u00e1ndose casos, que se hab\u00edan estado incrementando en las \u00faltimas semanas y que eso nos debe mantener siempre alertas y con mucho cuidado&#8221;, reiter\u00f3.<\/p>\n","protected":false},"excerpt":{"rendered":"<p>Teresa Garc\u00eda Gasca, rectora de la Universidad Aut\u00f3noma de Quer\u00e9taro (UAQ), recomend\u00f3 a la sociedad a no bajar la guardia ante los contagios de COVID-19, esto pese a que se ha visualizado una contenci\u00f3n en los casos positivos de esta enfermedad. La rectora se\u00f1al\u00f3 que, de acuerdo con el sem\u00e1foro institucional, Quer\u00e9taro, Corregidora y San Juan del R\u00edo se mantienen<\/p>\n<div class=\"h10\"><\/div>\n<p><a class=\"more-link2 flat\" href=\"https:\/\/elconspirador.com.mx\/?p=25725\">Leer m\u00e1s<\/a><\/p>\n","protected":false},"author":1,"featured_media":25726,"comment_status":"open","ping_status":"open","sticky":false,"template":"","format":"standard","meta":{"om_disable_all_campaigns":false,"_uf_show_specific_survey":0,"_uf_disable_surveys":false},"categories":[1],"tags":[],"aioseo_notices":[],"_links":{"self":[{"href":"https:\/\/elconspirador.com.mx\/index.php?rest_route=\/wp\/v2\/posts\/25725"}],"collection":[{"href":"https:\/\/elconspirador.com.mx\/index.php?rest_route=\/wp\/v2\/posts"}],"about":[{"href":"https:\/\/elconspirador.com.mx\/index.php?rest_route=\/wp\/v2\/types\/post"}],"author":[{"embeddable":true,"href":"https:\/\/elconspirador.com.mx\/index.php?rest_route=\/wp\/v2\/users\/1"}],"replies":[{"embeddable":true,"href":"https:\/\/elconspirador.com.mx\/index.php?rest_route=%2Fwp%2Fv2%2Fcomments&post=25725"}],"version-history":[{"count":1,"href":"https:\/\/elconspirador.com.mx\/index.php?rest_route=\/wp\/v2\/posts\/25725\/revisions"}],"predecessor-version":[{"id":25727,"href":"https:\/\/elconspirador.com.mx\/index.php?rest_route=\/wp\/v2\/posts\/25725\/revisions\/25727"}],"wp:featuredmedia":[{"embeddable":true,"href":"https:\/\/elconspirador.com.mx\/index.php?rest_route=\/wp\/v2\/media\/25726"}],"wp:attachment":[{"href":"https:\/\/elconspirador.com.mx\/index.php?rest_route=%2Fwp%2Fv2%2Fmedia&parent=25725"}],"wp:term":[{"taxonomy":"category","embeddable":true,"href":"https:\/\/elconspirador.com.mx\/index.php?rest_route=%2Fwp%2Fv2%2Fcategories&post=25725"},{"taxonomy":"post_tag","embeddable":true,"href":"https:\/\/elconspirador.com.mx\/index.php?rest_route=%2Fwp%2Fv2%2Ftags&post=25725"}],"curies":[{"name":"wp","href":"https:\/\/api.w.org\/{rel}","templated":true}]}}