{"id":25749,"date":"2023-04-24T17:10:54","date_gmt":"2023-04-24T23:10:54","guid":{"rendered":"https:\/\/elconspirador.com.mx\/?p=25749"},"modified":"2023-04-24T17:10:54","modified_gmt":"2023-04-24T23:10:54","slug":"rectora-uaq-califica-como-discriminatoria-ley-de-ciencias","status":"publish","type":"post","link":"https:\/\/elconspirador.com.mx\/?p=25749","title":{"rendered":"RECTORA UAQ CALIFICA COMO DISCRIMINATORIA LEY DE CIENCIAS"},"content":{"rendered":"<p>Ante la inminente aprobaci\u00f3n del dictamen de la Ley General de Humanidades, Ciencias, Tecnolog\u00edas e Innovaci\u00f3n (LGHCTI) en comisiones unidas de Educaci\u00f3n y Ciencia y Tecnolog\u00eda de la Legislatura federal, la propuesta se mantiene centralista, discriminatoria y sin cambios sustanciales en pro de la comunidad cient\u00edfica, afirm\u00f3 la rectora de la Universidad Aut\u00f3noma de Quer\u00e9taro (UAQ), Dra. Teresa Garc\u00eda Gasca.<\/p>\n<p>&nbsp;<\/p>\n<p>Durante su participaci\u00f3n semanal en el noticiario Presencia Universitaria, la acad\u00e9mica e investigadora reiter\u00f3 la premura con que se ha dado el an\u00e1lisis de esta iniciativa, toda vez que de los siete ejercicios de parlamento abierto que se hab\u00edan estipulado para discutir las tem\u00e1ticas fundamentales, solo se han realizado dos:<\/p>\n<p>\u201cDerecho humano a gozar de los beneficios de la ciencia\u201d y \u201cDefinici\u00f3n y dise\u00f1o de la pol\u00edtica p\u00fablica y de sus instrumentos\u201d, dejando pendientes otros asuntos como: el fomento y el financiamiento p\u00fablico; el Sistema Nacional del HCTI y bases de coordinaci\u00f3n con entidades federativas y municipios; \u00a0y el Sistema Nacional de Centros P\u00fablicos.<\/p>\n<p>&nbsp;<\/p>\n<p>En este contexto, cit\u00f3 informaci\u00f3n de medios nacionales que dan cuenta de que la aprobaci\u00f3n del dictamen es inminente y hacen cuestionar el por qu\u00e9 de la urgencia, a\u00fan cuando no existe plazo fatal y tanto diputados como senadores hab\u00edan establecido compromisos para escuchar a la comunidad interesada en que sea una normativa incluyente.<\/p>\n<p>&nbsp;<\/p>\n<p>\u201c(Los diputados de Morena dicen que pueden) aceptar hasta nueve cambios sustanciales en la nueva ley, para que se apruebe <span dir=\"ltr\">el martes 25 de abril<\/span>, es decir, ma\u00f1ana y, bueno, que pase al pleno el d\u00eda jueves (<span dir=\"ltr\">27 de abril<\/span>), estos cambios son entre algunos otros: establecer un compromiso para que el presupuesto federal dedicado a ciencia nunca sea menor que el a\u00f1o anterior, es decir, quitan el compromiso de lograr el uno por ciento del Producto Interno Bruto (destinado a la ciencia y la tecnolog\u00eda), el promedio de los pa\u00edses que somos parte de la OCDE es del 2.9 por ciento y estamos M\u00e9xico est\u00e1 en el .3 por ciento, es decir, no hemos llegado al uno por ciento, pero eso no quiere decir que se quite al menos esa meta; habla de mantener los centros p\u00fablicos de investigaci\u00f3n como entidades paraestatales\u00a0 y no modificar el r\u00e9gimen ni los derechos laborales de los actuales trabajadores de los centros p\u00fablicos de investigaci\u00f3n, este es un tema muy sensible porque la iniciativa de ley transgrede su autonom\u00eda\u201d.<\/p>\n<p>&nbsp;<\/p>\n<p>\u201cHabla de aumentar de seis a ocho el n\u00famero de representantes de investigadores del sector social y privado en la Junta de Gobierno, \u00bfc\u00f3mo se invitan? de forma discrecional para que participen con voz y voto, es decir, est\u00e1 nulificada la voz del sector acad\u00e9mico, no existe, no participa; tampoco se hace alusi\u00f3n a la participaci\u00f3n de los consejos estatales de ciencia y tecnolog\u00eda; y no se menciona una intervenci\u00f3n puntual de los gobiernos estatales o municipales, excepto que tienen que ser corresponsables en la asignaci\u00f3n del recurso\u201d, pormenoriz\u00f3.<\/p>\n<p>&nbsp;<\/p>\n<p>Por ello, subray\u00f3 la Rectora, la comunidad interesada se encuentra pendiente de que esta misma semana se vote el dictamen y que deba tomar acci\u00f3n con otro tipo de alternativas: \u201cpedir a la C\u00e1mara de Senadores los parlamentos abiertos y que se cumpla la palabra de hacer las modificaciones correspondientes; y, bueno, en todo caso irnos al amparo en lo particular, cada investigador podr\u00e1 hacerlo en t\u00e9rminos de que se cumpla todo este proceso que evidentemente est\u00e1 siendo pasado por alto\u201d.<\/p>\n","protected":false},"excerpt":{"rendered":"<p>Ante la inminente aprobaci\u00f3n del dictamen de la Ley General de Humanidades, Ciencias, Tecnolog\u00edas e Innovaci\u00f3n (LGHCTI) en comisiones unidas de Educaci\u00f3n y Ciencia y Tecnolog\u00eda de la Legislatura federal, la propuesta se mantiene centralista, discriminatoria y sin cambios sustanciales en pro de la comunidad cient\u00edfica, afirm\u00f3 la rectora de la Universidad Aut\u00f3noma de Quer\u00e9taro (UAQ), Dra. Teresa Garc\u00eda Gasca.<\/p>\n<div class=\"h10\"><\/div>\n<p><a class=\"more-link2 flat\" href=\"https:\/\/elconspirador.com.mx\/?p=25749\">Leer m\u00e1s<\/a><\/p>\n","protected":false},"author":1,"featured_media":25751,"comment_status":"open","ping_status":"open","sticky":false,"template":"","format":"standard","meta":{"om_disable_all_campaigns":false,"_uf_show_specific_survey":0,"_uf_disable_surveys":false},"categories":[1],"tags":[],"aioseo_notices":[],"_links":{"self":[{"href":"https:\/\/elconspirador.com.mx\/index.php?rest_route=\/wp\/v2\/posts\/25749"}],"collection":[{"href":"https:\/\/elconspirador.com.mx\/index.php?rest_route=\/wp\/v2\/posts"}],"about":[{"href":"https:\/\/elconspirador.com.mx\/index.php?rest_route=\/wp\/v2\/types\/post"}],"author":[{"embeddable":true,"href":"https:\/\/elconspirador.com.mx\/index.php?rest_route=\/wp\/v2\/users\/1"}],"replies":[{"embeddable":true,"href":"https:\/\/elconspirador.com.mx\/index.php?rest_route=%2Fwp%2Fv2%2Fcomments&post=25749"}],"version-history":[{"count":1,"href":"https:\/\/elconspirador.com.mx\/index.php?rest_route=\/wp\/v2\/posts\/25749\/revisions"}],"predecessor-version":[{"id":25752,"href":"https:\/\/elconspirador.com.mx\/index.php?rest_route=\/wp\/v2\/posts\/25749\/revisions\/25752"}],"wp:featuredmedia":[{"embeddable":true,"href":"https:\/\/elconspirador.com.mx\/index.php?rest_route=\/wp\/v2\/media\/25751"}],"wp:attachment":[{"href":"https:\/\/elconspirador.com.mx\/index.php?rest_route=%2Fwp%2Fv2%2Fmedia&parent=25749"}],"wp:term":[{"taxonomy":"category","embeddable":true,"href":"https:\/\/elconspirador.com.mx\/index.php?rest_route=%2Fwp%2Fv2%2Fcategories&post=25749"},{"taxonomy":"post_tag","embeddable":true,"href":"https:\/\/elconspirador.com.mx\/index.php?rest_route=%2Fwp%2Fv2%2Ftags&post=25749"}],"curies":[{"name":"wp","href":"https:\/\/api.w.org\/{rel}","templated":true}]}}