{"id":25772,"date":"2023-04-24T23:23:13","date_gmt":"2023-04-25T05:23:13","guid":{"rendered":"https:\/\/elconspirador.com.mx\/?p=25772"},"modified":"2023-04-24T21:54:28","modified_gmt":"2023-04-25T03:54:28","slug":"clausuran-perrera-en-nuevo-leon","status":"publish","type":"post","link":"https:\/\/elconspirador.com.mx\/?p=25772","title":{"rendered":"CLAUSURAN PERRERA EN NUEVO LE\u00d3N"},"content":{"rendered":"<p>Ante denuncias ciudadanas de un criadero clandestino de perros en donde incurr\u00edan en maltrato animal de unos 70 canes, la Secretar\u00eda de Medio Ambiente de Nuevo Le\u00f3n procedi\u00f3 a su clausura.<\/p>\n<p>El referido inmueble se ubica sobre la Carretera Nacional, en el municipio de Monterrey, a donde acudi\u00f3 el personal de la Secretar\u00eda con el apoyo de Fuerza Civil y pudo comprobar el maltrato a los caninos.<\/p>\n<p>\u201cDerivado de lo anterior, se procedi\u00f3 a clausurar dichas instalaciones y la Secretar\u00eda junto con la Fiscal\u00eda esperamos solicitar una orden de cateo en virtud de la renuncia del propietario para entrar al lugar\u201d, inform\u00f3 la Secretar\u00eda.<\/p>\n<p>Estableci\u00f3 que una vez que se cumpla con esta diligencia los animales ser\u00e1n trasladados a un hogar temporal para que se les proporcione la atenci\u00f3n m\u00e9dica y los cuidados requeridos.<\/p>\n<p>De manera preliminar se habla de 70 perros afectados por esta situaci\u00f3n.<\/p>\n<p>La dependencia resalt\u00f3 que se llevar\u00e1n a cabo las acciones legales correspondientes en contra de los responsables, adem\u00e1s de dar vista a la Fiscal\u00eda General de Justicia del estado por el delito de maltrato animal.<\/p>\n","protected":false},"excerpt":{"rendered":"<p>Ante denuncias ciudadanas de un criadero clandestino de perros en donde incurr\u00edan en maltrato animal de unos 70 canes, la Secretar\u00eda de Medio Ambiente de Nuevo Le\u00f3n procedi\u00f3 a su clausura. El referido inmueble se ubica sobre la Carretera Nacional, en el municipio de Monterrey, a donde acudi\u00f3 el personal de la Secretar\u00eda con el apoyo de Fuerza Civil y<\/p>\n<div class=\"h10\"><\/div>\n<p><a class=\"more-link2 flat\" href=\"https:\/\/elconspirador.com.mx\/?p=25772\">Leer m\u00e1s<\/a><\/p>\n","protected":false},"author":1,"featured_media":25773,"comment_status":"open","ping_status":"open","sticky":false,"template":"","format":"standard","meta":{"om_disable_all_campaigns":false,"_uf_show_specific_survey":0,"_uf_disable_surveys":false},"categories":[68],"tags":[],"aioseo_notices":[],"_links":{"self":[{"href":"https:\/\/elconspirador.com.mx\/index.php?rest_route=\/wp\/v2\/posts\/25772"}],"collection":[{"href":"https:\/\/elconspirador.com.mx\/index.php?rest_route=\/wp\/v2\/posts"}],"about":[{"href":"https:\/\/elconspirador.com.mx\/index.php?rest_route=\/wp\/v2\/types\/post"}],"author":[{"embeddable":true,"href":"https:\/\/elconspirador.com.mx\/index.php?rest_route=\/wp\/v2\/users\/1"}],"replies":[{"embeddable":true,"href":"https:\/\/elconspirador.com.mx\/index.php?rest_route=%2Fwp%2Fv2%2Fcomments&post=25772"}],"version-history":[{"count":1,"href":"https:\/\/elconspirador.com.mx\/index.php?rest_route=\/wp\/v2\/posts\/25772\/revisions"}],"predecessor-version":[{"id":25774,"href":"https:\/\/elconspirador.com.mx\/index.php?rest_route=\/wp\/v2\/posts\/25772\/revisions\/25774"}],"wp:featuredmedia":[{"embeddable":true,"href":"https:\/\/elconspirador.com.mx\/index.php?rest_route=\/wp\/v2\/media\/25773"}],"wp:attachment":[{"href":"https:\/\/elconspirador.com.mx\/index.php?rest_route=%2Fwp%2Fv2%2Fmedia&parent=25772"}],"wp:term":[{"taxonomy":"category","embeddable":true,"href":"https:\/\/elconspirador.com.mx\/index.php?rest_route=%2Fwp%2Fv2%2Fcategories&post=25772"},{"taxonomy":"post_tag","embeddable":true,"href":"https:\/\/elconspirador.com.mx\/index.php?rest_route=%2Fwp%2Fv2%2Ftags&post=25772"}],"curies":[{"name":"wp","href":"https:\/\/api.w.org\/{rel}","templated":true}]}}