{"id":25792,"date":"2023-04-25T10:31:50","date_gmt":"2023-04-25T16:31:50","guid":{"rendered":"https:\/\/elconspirador.com.mx\/?p=25792"},"modified":"2023-04-25T10:31:50","modified_gmt":"2023-04-25T16:31:50","slug":"mueren-7-en-michoacan-tras-enfrentamiento","status":"publish","type":"post","link":"https:\/\/elconspirador.com.mx\/?p=25792","title":{"rendered":"MUEREN 7 EN MICHOAC\u00c1N TRAS ENFRENTAMIENTO"},"content":{"rendered":"<p>La Fiscal\u00eda de Michoac\u00e1n inform\u00f3 que un enfrentamiento entre soldados y civiles armados, presuntamente miembros del C\u00e1rtel Jalisco Nueva Generaci\u00f3n (CJNG) dej\u00f3 al menos siete muertos, en el municipio de Maravat\u00edo.<\/p>\n<p>Durante el choque tambi\u00e9n resultaron heridos un militar y un supuesto delincuente, quienes fueron trasladados a un hospital de la regi\u00f3n oriente de la entidad.<\/p>\n<p>Fuentes consultadas aseguraron a este medio que los soldados fueron emboscados por una c\u00e9lula delictiva que opera en el oriente de Michoac\u00e1n. Por ello, los uniformado repelieron la agresi\u00f3n a tiros suscitada en una brecha de la poblaci\u00f3n de Tecario.<\/p>\n<p>En el lugar de los hechos quedaron sin vida seis presuntos delincuentes y tambi\u00e9n un militar. Las fuerzas federales aseguraron tres camionetas y doce armas largas. Adem\u00e1s detuvieron a seis presuntos integrantes del crimen organizado, quienes tendr\u00e1n que responder ante las autoridades.<\/p>\n<p>La Fiscal\u00eda General de la Rep\u00fablica se har\u00e1 cargo de las indagatorias para deslindar responsabilidades sobre los hechos violentos.<\/p>\n<p>En la zona oriente de Michoac\u00e1n operan diversos grupos criminales traficando drogas y madera ilegal de los bosques cercanos a los santuarios de las mariposas monarca.<\/p>\n","protected":false},"excerpt":{"rendered":"<p>La Fiscal\u00eda de Michoac\u00e1n inform\u00f3 que un enfrentamiento entre soldados y civiles armados, presuntamente miembros del C\u00e1rtel Jalisco Nueva Generaci\u00f3n (CJNG) dej\u00f3 al menos siete muertos, en el municipio de Maravat\u00edo. Durante el choque tambi\u00e9n resultaron heridos un militar y un supuesto delincuente, quienes fueron trasladados a un hospital de la regi\u00f3n oriente de la entidad. Fuentes consultadas aseguraron a<\/p>\n<div class=\"h10\"><\/div>\n<p><a class=\"more-link2 flat\" href=\"https:\/\/elconspirador.com.mx\/?p=25792\">Leer m\u00e1s<\/a><\/p>\n","protected":false},"author":1,"featured_media":25793,"comment_status":"open","ping_status":"open","sticky":false,"template":"","format":"standard","meta":{"om_disable_all_campaigns":false,"_uf_show_specific_survey":0,"_uf_disable_surveys":false},"categories":[1,68],"tags":[],"aioseo_notices":[],"_links":{"self":[{"href":"https:\/\/elconspirador.com.mx\/index.php?rest_route=\/wp\/v2\/posts\/25792"}],"collection":[{"href":"https:\/\/elconspirador.com.mx\/index.php?rest_route=\/wp\/v2\/posts"}],"about":[{"href":"https:\/\/elconspirador.com.mx\/index.php?rest_route=\/wp\/v2\/types\/post"}],"author":[{"embeddable":true,"href":"https:\/\/elconspirador.com.mx\/index.php?rest_route=\/wp\/v2\/users\/1"}],"replies":[{"embeddable":true,"href":"https:\/\/elconspirador.com.mx\/index.php?rest_route=%2Fwp%2Fv2%2Fcomments&post=25792"}],"version-history":[{"count":1,"href":"https:\/\/elconspirador.com.mx\/index.php?rest_route=\/wp\/v2\/posts\/25792\/revisions"}],"predecessor-version":[{"id":25794,"href":"https:\/\/elconspirador.com.mx\/index.php?rest_route=\/wp\/v2\/posts\/25792\/revisions\/25794"}],"wp:featuredmedia":[{"embeddable":true,"href":"https:\/\/elconspirador.com.mx\/index.php?rest_route=\/wp\/v2\/media\/25793"}],"wp:attachment":[{"href":"https:\/\/elconspirador.com.mx\/index.php?rest_route=%2Fwp%2Fv2%2Fmedia&parent=25792"}],"wp:term":[{"taxonomy":"category","embeddable":true,"href":"https:\/\/elconspirador.com.mx\/index.php?rest_route=%2Fwp%2Fv2%2Fcategories&post=25792"},{"taxonomy":"post_tag","embeddable":true,"href":"https:\/\/elconspirador.com.mx\/index.php?rest_route=%2Fwp%2Fv2%2Ftags&post=25792"}],"curies":[{"name":"wp","href":"https:\/\/api.w.org\/{rel}","templated":true}]}}