{"id":25873,"date":"2023-04-25T18:29:15","date_gmt":"2023-04-26T00:29:15","guid":{"rendered":"https:\/\/elconspirador.com.mx\/?p=25873"},"modified":"2023-04-25T18:29:15","modified_gmt":"2023-04-26T00:29:15","slug":"alista-uaq-segundo-festival-internacional-de-guitarra","status":"publish","type":"post","link":"https:\/\/elconspirador.com.mx\/?p=25873","title":{"rendered":"ALISTA UAQ SEGUNDO FESTIVAL INTERNACIONAL DE GUITARRA"},"content":{"rendered":"<p>La Orquesta de Guitarras y la Secretar\u00eda de Extensi\u00f3n y Cultura Universitaria (SECU) de la Universidad Aut\u00f3noma de Quer\u00e9taro (UAQ) encabezar\u00e1n el Segundo Festival Internacional de Guitarra \u201cHistoria y Proyecciones Sonoras\u201d, <span dir=\"ltr\">del 26 al 28 de abril<\/span> del a\u00f1o en curso en las instalaciones de la Facultad de Artes (FA), as\u00ed como en el Teatro Esperanza Cabrera y el Templo de San Agust\u00edn, en el Centro Hist\u00f3rico de la ciudad.<\/p>\n<p>&nbsp;<\/p>\n<p>En el programa de dicho encuentro hay conferencias, conciertos, conversatorios y clases magistrales conducidas por integrantes de la comunidad universitaria; as\u00ed como la presencia de guitarristas y agrupaciones musicales de renombre a nivel nacional e internacional como Alejandro Hern\u00e1ndez Moncayo, el Cuarteto Synergia y David G\u00f3mez.<\/p>\n<p>&nbsp;<\/p>\n<p>La responsable del Festival, Mtra. Laura Ch\u00e1vez Blanco, detall\u00f3 que el Festival permite no s\u00f3lo enaltecer las y los talentos de guitarristas que interpretan de manera individual y conjunta, sino que tambi\u00e9n reafirma la cualidad que ha tenido la entidad queretana en fungir como una de las regiones con mayor generaci\u00f3n de guitarristas.<\/p>\n<p>&nbsp;<\/p>\n<p>\u201cLa importancia de este encuentro es abrir un foro para todos los m\u00fasicos que est\u00e9n interesados en difundir el arte de la guitarra. Nuestra intenci\u00f3n es mostrar un panorama alternativo y estimular la creaci\u00f3n para distintos tipos de ensambles de c\u00e1mara (ya sea dueto, cuarteto u orquesta) y difundir el lenguaje espec\u00edfico que tiene este instrumento y que ampl\u00eda nuestros horizontes de manera formidable\u201d, puntualiz\u00f3 la compositora.<\/p>\n<p>&nbsp;<\/p>\n<p><span dir=\"ltr\">El mi\u00e9rcoles 26 de abril a las 10:00<\/span> horas dar\u00e1 inicio el Festival con la conferencia \u201cLa autogesti\u00f3n del m\u00fasico y sus vertientes\u201d, impartida por el guitarrista queretano Daniel Olmos, en el Teatro Pamela Jim\u00e9nez de la FA; seguido <span dir=\"ltr\">a las 12:00<\/span> horas de un concierto que dar\u00e1n los estudiantes de la FA Diego Rosas, Cinthya Rangel y Jes\u00fas Torres; y <span dir=\"ltr\">a las 20:00<\/span>horas en el Templo de San Agust\u00edn una funci\u00f3n de inauguraci\u00f3n por el Cuarteto Deimos.<\/p>\n<p>&nbsp;<\/p>\n<p><span dir=\"ltr\">El jueves 27 de abril a las 09:00<\/span> horas, el compositor espa\u00f1ol David G\u00f3mez conducir\u00e1 en modalidad virtual el conversatorio \u201cLa guitarra en la m\u00fasica de c\u00e1mara y orquesta\u201d y que se proyectar\u00e1 en el Sal\u00f3n 7M de la FA; seguido de conciertos en el Teatro Pamela Jim\u00e9nez y el Templo de San Agust\u00edn del Cuarteto Synergia y Arody Garc\u00eda, respectivamente.<\/p>\n<p>&nbsp;<\/p>\n<p>Finalmente, <span dir=\"ltr\">el viernes 27 de abril a las 09:00<\/span>horas Arody Garc\u00eda dirigir\u00e1 una clase magistral en el Teatro Esperanza Cabrera; seguido de dos conciertos en el Teatro Esperanza Cabrera (<span dir=\"ltr\">a las 17:00<\/span> horas) y el Templo de San Agust\u00edn (<span dir=\"ltr\">20:00<\/span> horas) en donde participar\u00e1n la Mtra. Laura Ch\u00e1vez Blanco, as\u00ed como el director de la Orquesta de Guitarras de la UAQ, Mtro. Efraim Escobar Ram\u00edrez y la guitarrista italiana Vito Nicola Paradiso.<\/p>\n<p>&nbsp;<\/p>\n<p>El itinerario completo del Festival se puede consultar en las p\u00e1ginas de Facebook <a href=\"https:\/\/uaq.us18.list-manage.com\/track\/click?u=120c6bc278c139c0aaef02a1a&amp;id=783275f5c9&amp;e=fb29e86ea6\">Festival Internacional de Guitarra QRO Historia y proyecciones sonoras<\/a>, la <a href=\"https:\/\/uaq.us18.list-manage.com\/track\/click?u=120c6bc278c139c0aaef02a1a&amp;id=8c547084cc&amp;e=fb29e86ea6\">Orquesta de Guitarras de la UAQ<\/a> y la <a href=\"https:\/\/uaq.us18.list-manage.com\/track\/click?u=120c6bc278c139c0aaef02a1a&amp;id=2fbc3def7b&amp;e=fb29e86ea6\">Secretar\u00eda de Extensi\u00f3n y Cultura Universitaria<\/a>.<\/p>\n<p>&nbsp;<\/p>\n","protected":false},"excerpt":{"rendered":"<p>La Orquesta de Guitarras y la Secretar\u00eda de Extensi\u00f3n y Cultura Universitaria (SECU) de la Universidad Aut\u00f3noma de Quer\u00e9taro (UAQ) encabezar\u00e1n el Segundo Festival Internacional de Guitarra \u201cHistoria y Proyecciones Sonoras\u201d, del 26 al 28 de abril del a\u00f1o en curso en las instalaciones de la Facultad de Artes (FA), as\u00ed como en el Teatro Esperanza Cabrera y el Templo<\/p>\n<div class=\"h10\"><\/div>\n<p><a class=\"more-link2 flat\" href=\"https:\/\/elconspirador.com.mx\/?p=25873\">Leer m\u00e1s<\/a><\/p>\n","protected":false},"author":1,"featured_media":25874,"comment_status":"open","ping_status":"open","sticky":false,"template":"","format":"standard","meta":{"om_disable_all_campaigns":false,"_uf_show_specific_survey":0,"_uf_disable_surveys":false},"categories":[1],"tags":[],"aioseo_notices":[],"_links":{"self":[{"href":"https:\/\/elconspirador.com.mx\/index.php?rest_route=\/wp\/v2\/posts\/25873"}],"collection":[{"href":"https:\/\/elconspirador.com.mx\/index.php?rest_route=\/wp\/v2\/posts"}],"about":[{"href":"https:\/\/elconspirador.com.mx\/index.php?rest_route=\/wp\/v2\/types\/post"}],"author":[{"embeddable":true,"href":"https:\/\/elconspirador.com.mx\/index.php?rest_route=\/wp\/v2\/users\/1"}],"replies":[{"embeddable":true,"href":"https:\/\/elconspirador.com.mx\/index.php?rest_route=%2Fwp%2Fv2%2Fcomments&post=25873"}],"version-history":[{"count":1,"href":"https:\/\/elconspirador.com.mx\/index.php?rest_route=\/wp\/v2\/posts\/25873\/revisions"}],"predecessor-version":[{"id":25875,"href":"https:\/\/elconspirador.com.mx\/index.php?rest_route=\/wp\/v2\/posts\/25873\/revisions\/25875"}],"wp:featuredmedia":[{"embeddable":true,"href":"https:\/\/elconspirador.com.mx\/index.php?rest_route=\/wp\/v2\/media\/25874"}],"wp:attachment":[{"href":"https:\/\/elconspirador.com.mx\/index.php?rest_route=%2Fwp%2Fv2%2Fmedia&parent=25873"}],"wp:term":[{"taxonomy":"category","embeddable":true,"href":"https:\/\/elconspirador.com.mx\/index.php?rest_route=%2Fwp%2Fv2%2Fcategories&post=25873"},{"taxonomy":"post_tag","embeddable":true,"href":"https:\/\/elconspirador.com.mx\/index.php?rest_route=%2Fwp%2Fv2%2Ftags&post=25873"}],"curies":[{"name":"wp","href":"https:\/\/api.w.org\/{rel}","templated":true}]}}