{"id":25888,"date":"2023-04-25T18:44:25","date_gmt":"2023-04-26T00:44:25","guid":{"rendered":"https:\/\/elconspirador.com.mx\/?p=25888"},"modified":"2023-04-25T18:44:25","modified_gmt":"2023-04-26T00:44:25","slug":"ieeq-impulsa-elecciones-con-ninas-y-ninos-queretanos","status":"publish","type":"post","link":"https:\/\/elconspirador.com.mx\/?p=25888","title":{"rendered":"IEEQ IMPULSA ELECCIONES CON NI\u00d1AS Y NI\u00d1OS QUERETANOS"},"content":{"rendered":"<p class=\"s7\"><span class=\"s4\"><span class=\"bumpedFont15\">El Instituto Electoral del Estado de Quer<\/span><\/span><span class=\"s4\"><span class=\"bumpedFont15\">\u00e9taro (IEEQ)<\/span><\/span><span class=\"s4\"><span class=\"bumpedFont15\">, en coordinaci\u00f3n con el Municipi<\/span><\/span><span class=\"s4\"><span class=\"bumpedFont15\">o de Quer\u00e9ta<\/span><\/span><span class=\"s4\"><span class=\"bumpedFont15\">ro y la <\/span><\/span><span class=\"s4\"><span class=\"bumpedFont15\">Unidad de Servicios <\/span><\/span><span class=\"s4\"><span class=\"bumpedFont15\">p<\/span><\/span><span class=\"s4\"><span class=\"bumpedFont15\">ara la Educaci\u00f3n B\u00e1sica en el Estado de Quer\u00e9taro<\/span><\/span> <span class=\"s4\"><span class=\"bumpedFont15\">(U<\/span><\/span><span class=\"s4\"><span class=\"bumpedFont15\">SEBEQ)<\/span><\/span><span class=\"s4\"><span class=\"bumpedFont15\">,<\/span><\/span><span class=\"s4\"><span class=\"bumpedFont15\"> l<\/span><\/span><span class=\"s4\"><span class=\"bumpedFont15\">lev\u00f3 a cabo<\/span><\/span><span class=\"s4\"><span class=\"bumpedFont15\"> la elecci\u00f3n <\/span><\/span><span class=\"s4\"><span class=\"bumpedFont15\">de <\/span><\/span><span class=\"s4\"><span class=\"bumpedFont15\">\u201cLas ni\u00f1as, ni\u00f1os y adolescentes en el G<\/span><\/span><span class=\"s4\"><span class=\"bumpedFont15\">obierno 2023<\/span><\/span><span class=\"s4\"><span class=\"bumpedFont15\">\u201d<\/span><\/span><span class=\"s4\"><span class=\"bumpedFont15\">. <\/span><\/span><\/p>\n<p class=\"s7\"><span class=\"s4\"><span class=\"bumpedFont15\">E<\/span><\/span><span class=\"s4\"><span class=\"bumpedFont15\">l ejercicio democr\u00e1tico <\/span><\/span><span class=\"s4\"><span class=\"bumpedFont15\">se realiz\u00f3 en <\/span><\/span><span class=\"s4\"><span class=\"bumpedFont15\">el Centro Cultural la V\u00eda<\/span><\/span><span class=\"s4\"><span class=\"bumpedFont15\"> con la participac<\/span><\/span><span class=\"s4\"><span class=\"bumpedFont15\">i\u00f3n de 26 ni\u00f1as y <\/span><\/span><span class=\"s4\"><span class=\"bumpedFont15\">19 ni\u00f1os <\/span><\/span><span class=\"s4\"><span class=\"bumpedFont15\">p<\/span><\/span><span class=\"s4\"><span class=\"bumpedFont15\">rovenientes de <\/span><\/span><span class=\"s4\"><span class=\"bumpedFont15\">m<\/span><\/span><span class=\"s4\"><span class=\"bumpedFont15\">\u00e1s de 30 escuelas <\/span><\/span><span class=\"s4\"><span class=\"bumpedFont15\">de nivel prim<\/span><\/span><span class=\"s4\"><span class=\"bumpedFont15\">aria, <\/span><\/span><span class=\"s4\"><span class=\"bumpedFont15\">p\u00fablicas y privadas, del municipio<\/span><\/span><span class=\"s4\"><span class=\"bumpedFont15\">. <\/span><\/span><\/p>\n<p class=\"s7\"><span class=\"s4\"><span class=\"bumpedFont15\">El o<\/span><\/span><span class=\"s4\"><span class=\"bumpedFont15\">bjetivo fue <\/span><\/span><span class=\"s4\"><span class=\"bumpedFont15\">refor<\/span><\/span><span class=\"s4\"><span class=\"bumpedFont15\">zar los<\/span><\/span><span class=\"s4\"><span class=\"bumpedFont15\"> conocimientos <\/span><\/span><span class=\"s4\"><span class=\"bumpedFont15\">de<\/span><\/span><span class=\"s4\"><span class=\"bumpedFont15\">l<\/span><\/span><span class=\"s4\"><span class=\"bumpedFont15\"> estudiantado <\/span><\/span><span class=\"s4\"><span class=\"bumpedFont15\">e<\/span><\/span><span class=\"s4\"><span class=\"bumpedFont15\">n temas <\/span><\/span><span class=\"s4\"><span class=\"bumpedFont15\">como<\/span><\/span><span class=\"s4\"><span class=\"bumpedFont15\">derechos humanos<\/span><\/span><span class=\"s4\"><span class=\"bumpedFont15\">, <\/span><\/span><span class=\"s4\"><span class=\"bumpedFont15\">medio ambiente, <\/span><\/span><span class=\"s4\"><span class=\"bumpedFont15\">valores <\/span><\/span><span class=\"s4\"><span class=\"bumpedFont15\">democr\u00e1tico<\/span><\/span><span class=\"s4\"><span class=\"bumpedFont15\">s<\/span><\/span><span class=\"s4\"><span class=\"bumpedFont15\">,<\/span><\/span> <span class=\"s4\"><span class=\"bumpedFont15\">res<\/span><\/span><span class=\"s4\"><span class=\"bumpedFont15\">peto<\/span><\/span><span class=\"s4\"><span class=\"bumpedFont15\"> a la ley, <\/span><\/span><span class=\"s4\"><span class=\"bumpedFont15\">entre otros; <\/span><\/span><span class=\"s4\"><span class=\"bumpedFont15\">pro<\/span><\/span><span class=\"s4\"><span class=\"bumpedFont15\">mover <\/span><\/span><span class=\"s4\"><span class=\"bumpedFont15\">la reflexi\u00f3n <\/span><\/span><span class=\"s4\"><span class=\"bumpedFont15\">sobre <\/span><\/span><span class=\"s4\"><span class=\"bumpedFont15\">problem\u00e1tic<\/span><\/span><span class=\"s4\"><span class=\"bumpedFont15\">as sociales que les afectan<\/span><\/span> <span class=\"s4\"><span class=\"bumpedFont15\">y la b\u00fasqueda de<\/span><\/span> <span class=\"s4\"><span class=\"bumpedFont15\">soluciones<\/span><\/span><span class=\"s4\"><span class=\"bumpedFont15\">; as\u00ed como fortalecer sus habili<\/span><\/span><span class=\"s4\"><span class=\"bumpedFont15\">dades comunicativas y de interacci\u00f3n social.<\/span><\/span><\/p>\n<p class=\"s7\"><span class=\"s4\"><span class=\"bumpedFont15\">Para la<\/span><\/span> <span class=\"s4\"><span class=\"bumpedFont15\">elecci\u00f3n<\/span><\/span><span class=\"s4\"><span class=\"bumpedFont15\"> el <\/span><\/span><span class=\"s4\"><span class=\"bumpedFont15\">Instituto<\/span><\/span> <span class=\"s4\"><span class=\"bumpedFont15\">elabor\u00f3 <\/span><\/span><span class=\"s4\"><span class=\"bumpedFont15\">la documentaci\u00f3n <\/span><\/span><span class=\"s4\"><span class=\"bumpedFont15\">y<\/span><\/span><span class=\"s4\"><span class=\"bumpedFont15\"> la<\/span><\/span><span class=\"s4\"><span class=\"bumpedFont15\">s credenciales<\/span><\/span><span class=\"s4\"><span class=\"bumpedFont15\">, instal\u00f3 las casi<\/span><\/span><span class=\"s4\"><span class=\"bumpedFont15\">llas, <\/span><\/span><span class=\"s4\"><span class=\"bumpedFont15\">cap<\/span><\/span><span class=\"s4\"><span class=\"bumpedFont15\">acit\u00f3 a<\/span><\/span><span class=\"s4\"><span class=\"bumpedFont15\">l alumnado, integr\u00f3 las mesas receptoras<\/span><\/span><span class=\"s4\"><span class=\"bumpedFont15\">, <\/span><\/span><span class=\"s4\"><span class=\"bumpedFont15\">recibi\u00f3<\/span><\/span> <span class=\"s4\"><span class=\"bumpedFont15\">l<\/span><\/span><span class=\"s4\"><span class=\"bumpedFont15\">a votaci\u00f3n<\/span><\/span><span class=\"s4\"><span class=\"bumpedFont15\">, <\/span><\/span><span class=\"s4\"><span class=\"bumpedFont15\">realiz\u00f3<\/span><\/span><span class=\"s4\"><span class=\"bumpedFont15\"> el escrutinio y c\u00f3<\/span><\/span><span class=\"s4\"><span class=\"bumpedFont15\">mputo<\/span><\/span><span class=\"s4\"><span class=\"bumpedFont15\"> e<\/span><\/span> <span class=\"s4\"><span class=\"bumpedFont15\">h<\/span><\/span><span class=\"s4\"><span class=\"bumpedFont15\">izo entrega de las constancias de mayor\u00eda<\/span><\/span><span class=\"s4\"><span class=\"bumpedFont15\">. <\/span><\/span><\/p>\n<p class=\"s7\"><span class=\"s4\"><span class=\"bumpedFont15\">Adem\u00e1s<\/span><\/span><span class=\"s4\"><span class=\"bumpedFont15\">,<\/span><\/span> <span class=\"s4\"><span class=\"bumpedFont15\">personal de<\/span><\/span><span class=\"s4\"><span class=\"bumpedFont15\"> este<\/span><\/span> <span class=\"s4\"><span class=\"bumpedFont15\">or<\/span><\/span><span class=\"s4\"><span class=\"bumpedFont15\">ganismo<\/span><\/span><span class=\"s4\"><span class=\"bumpedFont15\"> p\u00fablico local electoral <\/span><\/span><span class=\"s4\"><span class=\"bumpedFont15\">llev\u00f3 <\/span><\/span><span class=\"s4\"><span class=\"bumpedFont15\">a cabo actividades l\u00fadicas para <\/span><\/span><span class=\"s4\"><span class=\"bumpedFont15\">fomentar<\/span><\/span> <span class=\"s4\"><span class=\"bumpedFont15\">lo<\/span><\/span><span class=\"s4\"><span class=\"bumpedFont15\">s valores democr\u00e1ticos<\/span><\/span> <span class=\"s4\"><span class=\"bumpedFont15\">como la participa<\/span><\/span><span class=\"s4\"><span class=\"bumpedFont15\">ci\u00f3n, la tolerancia, el di\u00e1logo, el respeto<\/span><\/span><span class=\"s4\"><span class=\"bumpedFont15\">, la igualdad, entre otros<\/span><\/span><span class=\"s4\"><span class=\"bumpedFont15\">.<\/span><\/span><\/p>\n<p class=\"s7\"><span class=\"s4\"><span class=\"bumpedFont15\">Como parte de<\/span><\/span><span class=\"s4\"><span class=\"bumpedFont15\">l programa<\/span><\/span> <span class=\"s4\"><span class=\"bumpedFont15\">las ni\u00f1as <\/span><\/span><span class=\"s4\"><span class=\"bumpedFont15\">y los ni\u00f1os <\/span><\/span><span class=\"s4\"><span class=\"bumpedFont15\">interactuaron en<\/span><\/span> <span class=\"s4\"><span class=\"bumpedFont15\">mesas de trabajo; posteriormente, <\/span><\/span><span class=\"s4\"><span class=\"bumpedFont15\">cinc<\/span><\/span><span class=\"s4\"><span class=\"bumpedFont15\">o<\/span><\/span><span class=\"s4\"><span class=\"bumpedFont15\"> estudiantes<\/span><\/span> <span class=\"s4\"><span class=\"bumpedFont15\">cont<\/span><\/span><span class=\"s4\"><span class=\"bumpedFont15\">endientes a la <\/span><\/span><span class=\"s4\"><span class=\"bumpedFont15\">P<\/span><\/span><span class=\"s4\"><span class=\"bumpedFont15\">r<\/span><\/span><span class=\"s4\"><span class=\"bumpedFont15\">esidencia <\/span><\/span><span class=\"s4\"><span class=\"bumpedFont15\">Municipal<\/span><\/span><span class=\"s4\"><span class=\"bumpedFont15\">dirig<\/span><\/span><span class=\"s4\"><span class=\"bumpedFont15\">ieron un me<\/span><\/span><span class=\"s4\"><span class=\"bumpedFont15\">nsaje a<\/span><\/span><span class=\"s4\"><span class=\"bumpedFont15\"> sus compa\u00f1<\/span><\/span><span class=\"s4\"><span class=\"bumpedFont15\">eras y <\/span><\/span><span class=\"s4\"><span class=\"bumpedFont15\">compa<\/span><\/span><span class=\"s4\"><span class=\"bumpedFont15\">\u00f1eros<\/span><\/span><span class=\"s4\"><span class=\"bumpedFont15\">. <\/span><\/span><\/p>\n<p class=\"s7\"><span class=\"s4\"><span class=\"bumpedFont15\">En su<\/span><\/span><span class=\"s4\"><span class=\"bumpedFont15\"> oportunidad<\/span><\/span><span class=\"s4\"><span class=\"bumpedFont15\">,<\/span><\/span><span class=\"s4\"><span class=\"bumpedFont15\"> la<\/span><\/span><span class=\"s4\"><span class=\"bumpedFont15\"> consejera<\/span><\/span> <span class=\"s4\"><span class=\"bumpedFont15\">Mar<\/span><\/span><span class=\"s4\"><span class=\"bumpedFont15\">\u00eda P<\/span><\/span><span class=\"s4\"><span class=\"bumpedFont15\">\u00e9rez C<\/span><\/span><span class=\"s4\"><span class=\"bumpedFont15\">e<\/span><\/span><span class=\"s4\"><span class=\"bumpedFont15\">peda <\/span><\/span><span class=\"s4\"><span class=\"bumpedFont15\">explic\u00f3 a las y los n<\/span><\/span><span class=\"s4\"><span class=\"bumpedFont15\">i\u00f1os el procedimiento de votaci\u00f3n;<\/span><\/span> <span class=\"s4\"><span class=\"bumpedFont15\">asimismo<\/span><\/span><span class=\"s4\"><span class=\"bumpedFont15\">,<\/span><\/span><span class=\"s4\"><span class=\"bumpedFont15\"> la consejera Karla I<\/span><\/span><span class=\"s4\"><span class=\"bumpedFont15\">s<\/span><\/span><span class=\"s4\"><span class=\"bumpedFont15\">abel <\/span><\/span><span class=\"s4\"><span class=\"bumpedFont15\">Olv<\/span><\/span><span class=\"s4\"><span class=\"bumpedFont15\">era Moreno destac\u00f3 la importancia de<\/span><\/span><span class=\"s4\"><span class=\"bumpedFont15\"> la <\/span><\/span><span class=\"s4\"><span class=\"bumpedFont15\">participaci\u00f3n<\/span><\/span> <span class=\"s4\"><span class=\"bumpedFont15\">y el involucramiento en <\/span><\/span><span class=\"s4\"><span class=\"bumpedFont15\">asuntos de inter\u00e9s com\u00fan. <\/span><\/span><\/p>\n<p class=\"s7\"><span class=\"s4\"><span class=\"bumpedFont15\">Por su parte, el <\/span><\/span><span class=\"s4\"><span class=\"bumpedFont15\">S<\/span><\/span><span class=\"s4\"><span class=\"bumpedFont15\">e<\/span><\/span><span class=\"s4\"><span class=\"bumpedFont15\">cretario <\/span><\/span><span class=\"s4\"><span class=\"bumpedFont15\">de D<\/span><\/span><span class=\"s4\"><span class=\"bumpedFont15\">esarrollo Humano y So<\/span><\/span><span class=\"s4\"><span class=\"bumpedFont15\">cial<\/span><\/span><span class=\"s4\"><span class=\"bumpedFont15\"> del Municipio de Quer\u00e9taro<\/span><\/span><span class=\"s4\"><span class=\"bumpedFont15\">, Arturo Torres <\/span><\/span><span class=\"s4\"><span class=\"bumpedFont15\">Guti\u00e9r<\/span><\/span><span class=\"s4\"><span class=\"bumpedFont15\">rez,<\/span><\/span> <span class=\"s4\"><span class=\"bumpedFont15\">reconoci\u00f3 <\/span><\/span><span class=\"s4\"><span class=\"bumpedFont15\">la <\/span><\/span><span class=\"s4\"><span class=\"bumpedFont15\">parti<\/span><\/span><span class=\"s4\"><span class=\"bumpedFont15\">cipaci\u00f3n de <\/span><\/span><span class=\"s4\"><span class=\"bumpedFont15\">estudiant<\/span><\/span><span class=\"s4\"><span class=\"bumpedFont15\">es, personal docente<\/span><\/span> <span class=\"s4\"><span class=\"bumpedFont15\">e<\/span><\/span> <span class=\"s4\"><span class=\"bumpedFont15\">instituciones<\/span><\/span> <span class=\"s4\"><span class=\"bumpedFont15\">que<\/span><\/span> <span class=\"s4\"><span class=\"bumpedFont15\">colaboraron en<\/span><\/span><span class=\"s4\"><span class=\"bumpedFont15\"> el ejer<\/span><\/span><span class=\"s4\"><span class=\"bumpedFont15\">cicio<\/span><\/span><span class=\"s4\"><span class=\"bumpedFont15\">, el cual <\/span><\/span><span class=\"s4\"><span class=\"bumpedFont15\">permit<\/span><\/span><span class=\"s4\"><span class=\"bumpedFont15\">e<\/span><\/span><span class=\"s4\"><span class=\"bumpedFont15\">escuchar a la ni<\/span><\/span><span class=\"s4\"><span class=\"bumpedFont15\">\u00f1ez y <\/span><\/span><span class=\"s4\"><span class=\"bumpedFont15\">contribuye a <\/span><\/span><span class=\"s4\"><span class=\"bumpedFont15\">que <\/span><\/span><span class=\"s4\"><span class=\"bumpedFont15\">sus derechos sean respetados. <\/span><\/span><\/p>\n<p class=\"s7\"><span class=\"s4\"><span class=\"bumpedFont15\">Como resultado de la <\/span><\/span><span class=\"s4\"><span class=\"bumpedFont15\">votaci\u00f3n <\/span><\/span><span class=\"s4\"><span class=\"bumpedFont15\">fueron <\/span><\/span><span class=\"s4\"><span class=\"bumpedFont15\">electas<\/span><\/span><span class=\"s4\"><span class=\"bumpedFont15\"> y electos<\/span><\/span><span class=\"s4\"><span class=\"bumpedFont15\">: <\/span><\/span><span class=\"s4\"><span class=\"bumpedFont15\">Laura Sof\u00eda V\u00e1zquez Gonz\u00e1lez <\/span><\/span><span class=\"s4\"><span class=\"bumpedFont15\">como<\/span><\/span> <span class=\"s4\"><span class=\"bumpedFont15\">Presiden<\/span><\/span><span class=\"s4\"><span class=\"bumpedFont15\">ta Municipal<\/span><\/span><span class=\"s4\"><span class=\"bumpedFont15\">; <\/span><\/span><span class=\"s4\"><span class=\"bumpedFont15\">Maximiliano A<\/span><\/span><span class=\"s4\"><span class=\"bumpedFont15\">ntu\u00e1n Rivera Gallegos <\/span><\/span><span class=\"s4\"><span class=\"bumpedFont15\">como <\/span><\/span><span class=\"s4\"><span class=\"bumpedFont15\">S\u00edndico<\/span><\/span><span class=\"s4\"><span class=\"bumpedFont15\">, <\/span><\/span><span class=\"s4\"><span class=\"bumpedFont15\">K<\/span><\/span><span class=\"s4\"><span class=\"bumpedFont15\">a<\/span><\/span><span class=\"s4\"><span class=\"bumpedFont15\">t<\/span><\/span><span class=\"s4\"><span class=\"bumpedFont15\">ya Janeth F<\/span><\/span><span class=\"s4\"><span class=\"bumpedFont15\">r<\/span><\/span><span class=\"s4\"><span class=\"bumpedFont15\">anco <\/span><\/span><span class=\"s4\"><span class=\"bumpedFont15\">P\u00e9rez <\/span><\/span><span class=\"s4\"><span class=\"bumpedFont15\">como <\/span><\/span><span class=\"s4\"><span class=\"bumpedFont15\">S\u00edndic<\/span><\/span><span class=\"s4\"><span class=\"bumpedFont15\">a<\/span><\/span><span class=\"s4\"><span class=\"bumpedFont15\">, <\/span><\/span><span class=\"s4\"><span class=\"bumpedFont15\">Gabriel R<\/span><\/span><span class=\"s4\"><span class=\"bumpedFont15\">omero Medina <\/span><\/span><span class=\"s4\"><span class=\"bumpedFont15\">como <\/span><\/span><span class=\"s4\"><span class=\"bumpedFont15\">S<\/span><\/span><span class=\"s4\"><span class=\"bumpedFont15\">ecretario de <\/span><\/span><span class=\"s4\"><span class=\"bumpedFont15\">Desarrollo <\/span><\/span><span class=\"s4\"><span class=\"bumpedFont15\">Humano y Social<\/span><\/span><span class=\"s4\"><span class=\"bumpedFont15\">, as\u00ed como <\/span><\/span><span class=\"s4\"><span class=\"bumpedFont15\">Sof\u00eda Fernanda Pastrana Flores <\/span><\/span><span class=\"s4\"><span class=\"bumpedFont15\">como <\/span><\/span><span class=\"s4\"><span class=\"bumpedFont15\">Coordinadora del G<\/span><\/span><span class=\"s4\"><span class=\"bumpedFont15\">abinete Municipal<\/span><\/span><span class=\"s4\"><span class=\"bumpedFont15\">, qu<\/span><\/span><span class=\"s4\"><span class=\"bumpedFont15\">ie<\/span><\/span><span class=\"s4\"><span class=\"bumpedFont15\">nes acudi<\/span><\/span><span class=\"s4\"><span class=\"bumpedFont15\">r\u00e1n <\/span><\/span><span class=\"s4\"><span class=\"bumpedFont15\">el 2 de mayo a un<\/span><\/span><span class=\"s4\"><span class=\"bumpedFont15\"> desa<\/span><\/span><span class=\"s4\"><span class=\"bumpedFont15\">yuno en el C<\/span><\/span><span class=\"s4\"><span class=\"bumpedFont15\">e<\/span><\/span><span class=\"s4\"><span class=\"bumpedFont15\">ntro <\/span><\/span><span class=\"s4\"><span class=\"bumpedFont15\">C\u00edvic<\/span><\/span><span class=\"s4\"><span class=\"bumpedFont15\">o.<\/span><\/span><\/p>\n","protected":false},"excerpt":{"rendered":"<p>El Instituto Electoral del Estado de Quer\u00e9taro (IEEQ), en coordinaci\u00f3n con el Municipio de Quer\u00e9taro y la Unidad de Servicios para la Educaci\u00f3n B\u00e1sica en el Estado de Quer\u00e9taro (USEBEQ), llev\u00f3 a cabo la elecci\u00f3n de \u201cLas ni\u00f1as, ni\u00f1os y adolescentes en el Gobierno 2023\u201d. El ejercicio democr\u00e1tico se realiz\u00f3 en el Centro Cultural la V\u00eda con la participaci\u00f3n de<\/p>\n<div class=\"h10\"><\/div>\n<p><a class=\"more-link2 flat\" href=\"https:\/\/elconspirador.com.mx\/?p=25888\">Leer m\u00e1s<\/a><\/p>\n","protected":false},"author":1,"featured_media":25889,"comment_status":"open","ping_status":"open","sticky":false,"template":"","format":"standard","meta":{"om_disable_all_campaigns":false,"_uf_show_specific_survey":0,"_uf_disable_surveys":false},"categories":[1],"tags":[],"aioseo_notices":[],"_links":{"self":[{"href":"https:\/\/elconspirador.com.mx\/index.php?rest_route=\/wp\/v2\/posts\/25888"}],"collection":[{"href":"https:\/\/elconspirador.com.mx\/index.php?rest_route=\/wp\/v2\/posts"}],"about":[{"href":"https:\/\/elconspirador.com.mx\/index.php?rest_route=\/wp\/v2\/types\/post"}],"author":[{"embeddable":true,"href":"https:\/\/elconspirador.com.mx\/index.php?rest_route=\/wp\/v2\/users\/1"}],"replies":[{"embeddable":true,"href":"https:\/\/elconspirador.com.mx\/index.php?rest_route=%2Fwp%2Fv2%2Fcomments&post=25888"}],"version-history":[{"count":2,"href":"https:\/\/elconspirador.com.mx\/index.php?rest_route=\/wp\/v2\/posts\/25888\/revisions"}],"predecessor-version":[{"id":25906,"href":"https:\/\/elconspirador.com.mx\/index.php?rest_route=\/wp\/v2\/posts\/25888\/revisions\/25906"}],"wp:featuredmedia":[{"embeddable":true,"href":"https:\/\/elconspirador.com.mx\/index.php?rest_route=\/wp\/v2\/media\/25889"}],"wp:attachment":[{"href":"https:\/\/elconspirador.com.mx\/index.php?rest_route=%2Fwp%2Fv2%2Fmedia&parent=25888"}],"wp:term":[{"taxonomy":"category","embeddable":true,"href":"https:\/\/elconspirador.com.mx\/index.php?rest_route=%2Fwp%2Fv2%2Fcategories&post=25888"},{"taxonomy":"post_tag","embeddable":true,"href":"https:\/\/elconspirador.com.mx\/index.php?rest_route=%2Fwp%2Fv2%2Ftags&post=25888"}],"curies":[{"name":"wp","href":"https:\/\/api.w.org\/{rel}","templated":true}]}}