{"id":25900,"date":"2023-04-25T17:38:18","date_gmt":"2023-04-25T23:38:18","guid":{"rendered":"https:\/\/elconspirador.com.mx\/?p=25900"},"modified":"2023-04-25T17:38:18","modified_gmt":"2023-04-25T23:38:18","slug":"exhiben-en-plaza-de-armas-a-padres-desobligados","status":"publish","type":"post","link":"https:\/\/elconspirador.com.mx\/?p=25900","title":{"rendered":"EXHIBEN EN PLAZA DE ARMAS A \u201cPADRES DESOBLIGADOS\u201d"},"content":{"rendered":"<p>Un grupo de madres de familia colocaron un muro para pegar las fotograf\u00edas de padres deudores alimenticios, lo cual tiene la intenci\u00f3n de impulsar la ley Sabina.<\/p>\n<p>Se trata del llamado tendedero de denuncias publicado en Plaza de Armas, el cual estuvo encabezado por Mayra D\u00e1vila, donde las madres colocaron la fotograf\u00eda del padre deudor.<\/p>\n<p>&#8220;Nosotros hasta el momento tenemos estimado 600 denuncias que van, tenemos un mont\u00f3n de mensajes, no nos damos abasto y no pensamos que la realidad de Quer\u00e9taro fuera a ser tan triste para las infancias y lo complicado que es para las mam\u00e1s acceder a la justicia y que se les asegure la pensi\u00f3n&#8221;.<\/p>\n<p>La activista fue la encargada de leer los nombres de los padres exhibidos en el tendedero de las denuncias, pues algunos de los argumentos de los denunciados, dijo, es que no tienen trabajo.<\/p>\n<p>Y es que la intenci\u00f3n del tendedero fue el exhibir que los padres deudores realmente tienen recursos econ\u00f3micos, pero se niegan a aportar a la manutenci\u00f3n de sus hijos.<\/p>\n<p>Cabe mencionar que en el legislativo federal ya se aprobaron los cambios a la legislaci\u00f3n para garantizar el derecho a las infancias, sin embargo \u00e9sta no ha entrado en vigor.<\/p>\n","protected":false},"excerpt":{"rendered":"<p>Un grupo de madres de familia colocaron un muro para pegar las fotograf\u00edas de padres deudores alimenticios, lo cual tiene la intenci\u00f3n de impulsar la ley Sabina. Se trata del llamado tendedero de denuncias publicado en Plaza de Armas, el cual estuvo encabezado por Mayra D\u00e1vila, donde las madres colocaron la fotograf\u00eda del padre deudor. &#8220;Nosotros hasta el momento tenemos<\/p>\n<div class=\"h10\"><\/div>\n<p><a class=\"more-link2 flat\" href=\"https:\/\/elconspirador.com.mx\/?p=25900\">Leer m\u00e1s<\/a><\/p>\n","protected":false},"author":1,"featured_media":25901,"comment_status":"open","ping_status":"open","sticky":false,"template":"","format":"standard","meta":{"om_disable_all_campaigns":false,"_uf_show_specific_survey":0,"_uf_disable_surveys":false},"categories":[1],"tags":[],"aioseo_notices":[],"_links":{"self":[{"href":"https:\/\/elconspirador.com.mx\/index.php?rest_route=\/wp\/v2\/posts\/25900"}],"collection":[{"href":"https:\/\/elconspirador.com.mx\/index.php?rest_route=\/wp\/v2\/posts"}],"about":[{"href":"https:\/\/elconspirador.com.mx\/index.php?rest_route=\/wp\/v2\/types\/post"}],"author":[{"embeddable":true,"href":"https:\/\/elconspirador.com.mx\/index.php?rest_route=\/wp\/v2\/users\/1"}],"replies":[{"embeddable":true,"href":"https:\/\/elconspirador.com.mx\/index.php?rest_route=%2Fwp%2Fv2%2Fcomments&post=25900"}],"version-history":[{"count":1,"href":"https:\/\/elconspirador.com.mx\/index.php?rest_route=\/wp\/v2\/posts\/25900\/revisions"}],"predecessor-version":[{"id":25902,"href":"https:\/\/elconspirador.com.mx\/index.php?rest_route=\/wp\/v2\/posts\/25900\/revisions\/25902"}],"wp:featuredmedia":[{"embeddable":true,"href":"https:\/\/elconspirador.com.mx\/index.php?rest_route=\/wp\/v2\/media\/25901"}],"wp:attachment":[{"href":"https:\/\/elconspirador.com.mx\/index.php?rest_route=%2Fwp%2Fv2%2Fmedia&parent=25900"}],"wp:term":[{"taxonomy":"category","embeddable":true,"href":"https:\/\/elconspirador.com.mx\/index.php?rest_route=%2Fwp%2Fv2%2Fcategories&post=25900"},{"taxonomy":"post_tag","embeddable":true,"href":"https:\/\/elconspirador.com.mx\/index.php?rest_route=%2Fwp%2Fv2%2Ftags&post=25900"}],"curies":[{"name":"wp","href":"https:\/\/api.w.org\/{rel}","templated":true}]}}