{"id":25951,"date":"2023-04-26T21:55:17","date_gmt":"2023-04-27T03:55:17","guid":{"rendered":"https:\/\/elconspirador.com.mx\/?p=25951"},"modified":"2023-04-26T21:29:34","modified_gmt":"2023-04-27T03:29:34","slug":"amlo-tiene-cada-dia-menos-sintomas-covid-segob","status":"publish","type":"post","link":"https:\/\/elconspirador.com.mx\/?p=25951","title":{"rendered":"AMLO TIENE CADA D\u00cdA MENOS S\u00cdNTOMAS COVID: SEGOB"},"content":{"rendered":"<p>El presidente Andr\u00e9s Manuel L\u00f3pez Obrador se reincorporar\u00e1 a sus actividades oficiales antes del fin de semana, de acuerdo a Ad\u00e1n Augusto L\u00f3pez Hern\u00e1ndez, secretario de Gobernaci\u00f3n.<\/p>\n<p>\u201cTodo parece indicar que antes del fin de semana ya estar\u00e1 reanudando sus actividades de manera normal. Contin\u00faa en aislamiento, pero ya recuper\u00e1ndose de la afecci\u00f3n\u201d.<\/p>\n<p>Ad\u00e1n Augusto L\u00f3pez indic\u00f3 que la reuni\u00f3n a la que fueron citados los 22 gobernadores de Morena esta ma\u00f1ana, en Palacio Nacional, estaba programada desde la semana pasada.<\/p>\n<p>El secretario de Gobernaci\u00f3n neg\u00f3 que la Primera Reuni\u00f3n de Alto Nivel para la Integraci\u00f3n Agroalimentaria de Am\u00e9rica Latina haya sido cancelada por el contagio de Covid-19 del presidente L\u00f3pez Obrador.<\/p>\n<p>Sugiri\u00f3 que el cambio de fechas se explica por una falta de conciliaci\u00f3n de agendas de los l\u00edderes extranjeros que visitar\u00e1n el pa\u00eds.<\/p>\n<p>Respecto a la declaraci\u00f3n de Samuel Garc\u00eda, gobernador de Nuevo Le\u00f3n, de que L\u00f3pez Obrador podr\u00eda visitar la refiner\u00eda de Pemex en Cadereyta este s\u00e1bado, Ad\u00e1n Augusto Lopez dijo que \u201cvamos a esperar a que salga negativo de Covid para detallar la agenda del fin de semana\u201d.<\/p>\n<p>Cuestionado sobre por qu\u00e9 L\u00f3pez Obrador no ha aparecido en video, el titular de Gobernaci\u00f3n dijo que no se tiene contemplada esa opci\u00f3n, pero que \u201cpodr\u00eda darse\u201d. Asegur\u00f3 que ha visto al presidente \u201cdos o tres veces\u201d esta semana.<\/p>\n","protected":false},"excerpt":{"rendered":"<p>El presidente Andr\u00e9s Manuel L\u00f3pez Obrador se reincorporar\u00e1 a sus actividades oficiales antes del fin de semana, de acuerdo a Ad\u00e1n Augusto L\u00f3pez Hern\u00e1ndez, secretario de Gobernaci\u00f3n. \u201cTodo parece indicar que antes del fin de semana ya estar\u00e1 reanudando sus actividades de manera normal. Contin\u00faa en aislamiento, pero ya recuper\u00e1ndose de la afecci\u00f3n\u201d. Ad\u00e1n Augusto L\u00f3pez indic\u00f3 que la reuni\u00f3n<\/p>\n<div class=\"h10\"><\/div>\n<p><a class=\"more-link2 flat\" href=\"https:\/\/elconspirador.com.mx\/?p=25951\">Leer m\u00e1s<\/a><\/p>\n","protected":false},"author":1,"featured_media":25952,"comment_status":"open","ping_status":"open","sticky":false,"template":"","format":"standard","meta":{"om_disable_all_campaigns":false,"_uf_show_specific_survey":0,"_uf_disable_surveys":false},"categories":[68],"tags":[],"aioseo_notices":[],"_links":{"self":[{"href":"https:\/\/elconspirador.com.mx\/index.php?rest_route=\/wp\/v2\/posts\/25951"}],"collection":[{"href":"https:\/\/elconspirador.com.mx\/index.php?rest_route=\/wp\/v2\/posts"}],"about":[{"href":"https:\/\/elconspirador.com.mx\/index.php?rest_route=\/wp\/v2\/types\/post"}],"author":[{"embeddable":true,"href":"https:\/\/elconspirador.com.mx\/index.php?rest_route=\/wp\/v2\/users\/1"}],"replies":[{"embeddable":true,"href":"https:\/\/elconspirador.com.mx\/index.php?rest_route=%2Fwp%2Fv2%2Fcomments&post=25951"}],"version-history":[{"count":1,"href":"https:\/\/elconspirador.com.mx\/index.php?rest_route=\/wp\/v2\/posts\/25951\/revisions"}],"predecessor-version":[{"id":25953,"href":"https:\/\/elconspirador.com.mx\/index.php?rest_route=\/wp\/v2\/posts\/25951\/revisions\/25953"}],"wp:featuredmedia":[{"embeddable":true,"href":"https:\/\/elconspirador.com.mx\/index.php?rest_route=\/wp\/v2\/media\/25952"}],"wp:attachment":[{"href":"https:\/\/elconspirador.com.mx\/index.php?rest_route=%2Fwp%2Fv2%2Fmedia&parent=25951"}],"wp:term":[{"taxonomy":"category","embeddable":true,"href":"https:\/\/elconspirador.com.mx\/index.php?rest_route=%2Fwp%2Fv2%2Fcategories&post=25951"},{"taxonomy":"post_tag","embeddable":true,"href":"https:\/\/elconspirador.com.mx\/index.php?rest_route=%2Fwp%2Fv2%2Ftags&post=25951"}],"curies":[{"name":"wp","href":"https:\/\/api.w.org\/{rel}","templated":true}]}}