{"id":25957,"date":"2023-04-26T10:31:23","date_gmt":"2023-04-26T16:31:23","guid":{"rendered":"https:\/\/elconspirador.com.mx\/?p=25957"},"modified":"2023-04-26T10:31:23","modified_gmt":"2023-04-26T16:31:23","slug":"alcalde-de-tequisquiapan-se-deslinda-de-inseguridad-en-su-municipio","status":"publish","type":"post","link":"https:\/\/elconspirador.com.mx\/?p=25957","title":{"rendered":"ALCALDE DE TEQUISQUIAPAN SE DESLINDA DE INSEGURIDAD EN SU MUNICIPIO"},"content":{"rendered":"<p>A una semana de la masacre en el rancho los 6 hermanos en la comunidad de El Tejocote del municipio de Tequisquiapan , el alcalde, Antonio Mej\u00eda Lira, asegur\u00f3 que los habitantes contin\u00faan con su vida normal y se trabaja para reforzar la seguridad en este municipio.<\/p>\n<p>Reconoci\u00f3 que la violencia es un tema a nivel nacional que afecta a todas las entidades y municipios, por lo que reforzar\u00e1n la seguridad en este pueblo m\u00e1gico.<\/p>\n<p>\u201cRealmente es una situaci\u00f3n nacional, es imposible poner un polic\u00eda o un investigador por ciudadano para estar investigando, pero le corresponde a los organismos especializados en la materia, las \u00e1reas competentes somos coadyuvantes en la prevenci\u00f3n y estas situaciones van m\u00e1s all\u00e1, yo soy muy respetuoso en las declaraciones, puesto que hay un proceso de investigaci\u00f3n y yo no quisiera entorpecer las declaraciones\u201d, afirm\u00f3.<br \/>\nDestac\u00f3 tambi\u00e9n que a tres semanas que se realice la Feria Nacional del Queso y del Vino, este incidente no afectar\u00e1 la realizaci\u00f3n o difusi\u00f3n de estos eventos.<\/p>\n<p>\u201cTequisquiapan est\u00e1 muy tranquilo, sus ciudadanos siguen su vida normal, no pasa a mayores por lo que corresponde a nuestra demarcaci\u00f3n territorial, poblacional estamos trabajando a diario entregando obras, arrancando obra e infraestructura, somos un municipio con mucho atractivo tur\u00edstico\u2026 en tres semanas tendremos la feria nacional del queso y del vino, no ha afectado de ninguna manera, sigue su curso, nosotros estamos haciendo nuestra vida normal y los programas, las actividades y el plan de trabajo que tenemos no tiene contratiempos\u201d.<\/p>\n","protected":false},"excerpt":{"rendered":"<p>A una semana de la masacre en el rancho los 6 hermanos en la comunidad de El Tejocote del municipio de Tequisquiapan , el alcalde, Antonio Mej\u00eda Lira, asegur\u00f3 que los habitantes contin\u00faan con su vida normal y se trabaja para reforzar la seguridad en este municipio. Reconoci\u00f3 que la violencia es un tema a nivel nacional que afecta a<\/p>\n<div class=\"h10\"><\/div>\n<p><a class=\"more-link2 flat\" href=\"https:\/\/elconspirador.com.mx\/?p=25957\">Leer m\u00e1s<\/a><\/p>\n","protected":false},"author":1,"featured_media":25958,"comment_status":"open","ping_status":"open","sticky":false,"template":"","format":"standard","meta":{"om_disable_all_campaigns":false,"_uf_show_specific_survey":0,"_uf_disable_surveys":false},"categories":[1],"tags":[],"aioseo_notices":[],"_links":{"self":[{"href":"https:\/\/elconspirador.com.mx\/index.php?rest_route=\/wp\/v2\/posts\/25957"}],"collection":[{"href":"https:\/\/elconspirador.com.mx\/index.php?rest_route=\/wp\/v2\/posts"}],"about":[{"href":"https:\/\/elconspirador.com.mx\/index.php?rest_route=\/wp\/v2\/types\/post"}],"author":[{"embeddable":true,"href":"https:\/\/elconspirador.com.mx\/index.php?rest_route=\/wp\/v2\/users\/1"}],"replies":[{"embeddable":true,"href":"https:\/\/elconspirador.com.mx\/index.php?rest_route=%2Fwp%2Fv2%2Fcomments&post=25957"}],"version-history":[{"count":1,"href":"https:\/\/elconspirador.com.mx\/index.php?rest_route=\/wp\/v2\/posts\/25957\/revisions"}],"predecessor-version":[{"id":25959,"href":"https:\/\/elconspirador.com.mx\/index.php?rest_route=\/wp\/v2\/posts\/25957\/revisions\/25959"}],"wp:featuredmedia":[{"embeddable":true,"href":"https:\/\/elconspirador.com.mx\/index.php?rest_route=\/wp\/v2\/media\/25958"}],"wp:attachment":[{"href":"https:\/\/elconspirador.com.mx\/index.php?rest_route=%2Fwp%2Fv2%2Fmedia&parent=25957"}],"wp:term":[{"taxonomy":"category","embeddable":true,"href":"https:\/\/elconspirador.com.mx\/index.php?rest_route=%2Fwp%2Fv2%2Fcategories&post=25957"},{"taxonomy":"post_tag","embeddable":true,"href":"https:\/\/elconspirador.com.mx\/index.php?rest_route=%2Fwp%2Fv2%2Ftags&post=25957"}],"curies":[{"name":"wp","href":"https:\/\/api.w.org\/{rel}","templated":true}]}}