{"id":25960,"date":"2023-04-26T14:18:17","date_gmt":"2023-04-26T20:18:17","guid":{"rendered":"https:\/\/elconspirador.com.mx\/?p=25960"},"modified":"2023-04-26T14:18:17","modified_gmt":"2023-04-26T20:18:17","slug":"van-250-mdp-para-transporte-este-2023","status":"publish","type":"post","link":"https:\/\/elconspirador.com.mx\/?p=25960","title":{"rendered":"VAN 250 MDP PARA TRANSPORTE ESTE 2023"},"content":{"rendered":"<p>El Secretario de Finanzas, Gustavo Leal Maya, indic\u00f3 que para este a\u00f1o se contempla asignar 250 millones de pesos para el transporte p\u00fablico en Quer\u00e9taro.<\/p>\n<p>Y es que el a\u00f1o pasado fueron invertidos alrededor de 223 millones de pesos, esto para diversos programas y adquisici\u00f3n de camiones.<\/p>\n<p>&#8220;Si se tiene para equipar en alguna tecnolog\u00eda para la AMEQ, tambi\u00e9n se ha invertido. Hay una bolsa que el a\u00f1o pasado fue de 223 millones de pesos, este a\u00f1o se calcula un monto superior&#8221;.<\/p>\n<p>Cabe mencionar que el monto para este a\u00f1o contempla la adquisici\u00f3n de nuevos camiones para el transporte p\u00fablico, anunciado hace unos d\u00edas por el gobernador.<\/p>\n<p>&#8220;Para la adquisici\u00f3n de unidades no hay, m\u00e1s bien es una bolsa para todos los programas que la AMEQ en temas de movilidad se ha desarrollado, como la Tarifa Unidos&#8221;.<\/p>\n<p>Indic\u00f3 que esta bolsa tambi\u00e9n contempla la ampliaci\u00f3n de frecuencias anunciada por el gobierno estatal, con el incremento de los camiones, con 80 millones de pesos.<\/p>\n","protected":false},"excerpt":{"rendered":"<p>El Secretario de Finanzas, Gustavo Leal Maya, indic\u00f3 que para este a\u00f1o se contempla asignar 250 millones de pesos para el transporte p\u00fablico en Quer\u00e9taro. Y es que el a\u00f1o pasado fueron invertidos alrededor de 223 millones de pesos, esto para diversos programas y adquisici\u00f3n de camiones. &#8220;Si se tiene para equipar en alguna tecnolog\u00eda para la AMEQ, tambi\u00e9n se<\/p>\n<div class=\"h10\"><\/div>\n<p><a class=\"more-link2 flat\" href=\"https:\/\/elconspirador.com.mx\/?p=25960\">Leer m\u00e1s<\/a><\/p>\n","protected":false},"author":1,"featured_media":25961,"comment_status":"open","ping_status":"open","sticky":false,"template":"","format":"standard","meta":{"om_disable_all_campaigns":false,"_uf_show_specific_survey":0,"_uf_disable_surveys":false},"categories":[1],"tags":[],"aioseo_notices":[],"_links":{"self":[{"href":"https:\/\/elconspirador.com.mx\/index.php?rest_route=\/wp\/v2\/posts\/25960"}],"collection":[{"href":"https:\/\/elconspirador.com.mx\/index.php?rest_route=\/wp\/v2\/posts"}],"about":[{"href":"https:\/\/elconspirador.com.mx\/index.php?rest_route=\/wp\/v2\/types\/post"}],"author":[{"embeddable":true,"href":"https:\/\/elconspirador.com.mx\/index.php?rest_route=\/wp\/v2\/users\/1"}],"replies":[{"embeddable":true,"href":"https:\/\/elconspirador.com.mx\/index.php?rest_route=%2Fwp%2Fv2%2Fcomments&post=25960"}],"version-history":[{"count":1,"href":"https:\/\/elconspirador.com.mx\/index.php?rest_route=\/wp\/v2\/posts\/25960\/revisions"}],"predecessor-version":[{"id":25962,"href":"https:\/\/elconspirador.com.mx\/index.php?rest_route=\/wp\/v2\/posts\/25960\/revisions\/25962"}],"wp:featuredmedia":[{"embeddable":true,"href":"https:\/\/elconspirador.com.mx\/index.php?rest_route=\/wp\/v2\/media\/25961"}],"wp:attachment":[{"href":"https:\/\/elconspirador.com.mx\/index.php?rest_route=%2Fwp%2Fv2%2Fmedia&parent=25960"}],"wp:term":[{"taxonomy":"category","embeddable":true,"href":"https:\/\/elconspirador.com.mx\/index.php?rest_route=%2Fwp%2Fv2%2Fcategories&post=25960"},{"taxonomy":"post_tag","embeddable":true,"href":"https:\/\/elconspirador.com.mx\/index.php?rest_route=%2Fwp%2Fv2%2Ftags&post=25960"}],"curies":[{"name":"wp","href":"https:\/\/api.w.org\/{rel}","templated":true}]}}