{"id":26003,"date":"2023-04-26T20:14:32","date_gmt":"2023-04-27T02:14:32","guid":{"rendered":"https:\/\/elconspirador.com.mx\/?p=26003"},"modified":"2023-04-26T20:14:32","modified_gmt":"2023-04-27T02:14:32","slug":"ya-hay-denuncia-por-acoso-en-la-fiscalia","status":"publish","type":"post","link":"https:\/\/elconspirador.com.mx\/?p=26003","title":{"rendered":"YA HAY DENUNCIA POR ACOSO EN LA FISCAL\u00cdA"},"content":{"rendered":"<p>Estudiantes de la preparatoria Norte de la Universidad Aut\u00f3noma de Quer\u00e9taro ya presentaron m\u00e1s de cinco denuncias en la fiscal\u00eda, luego de que se difundiera fotograf\u00edas en grupos de whatsapp, presuntamente tomadas por personal de una paleter\u00eda ubicada frente a la escuela.<\/p>\n<p>Durante una manifestaci\u00f3n pac\u00edfica que llev\u00f3 por lema \u201cPor ti, por mi, por todas\u201d, Beatriz Esp\u00edndola, representante de Colec Fem Abogadas, dijo que por la investigaci\u00f3n no se pueden revelar los nombres de los presuntos responsables y se\u00f1al\u00f3 que ya se tuvo un acercamiento con los due\u00f1os del establecimiento.<\/p>\n<p>\u201cYa est\u00e1n levantadas las formales denuncias, el acompa\u00f1amiento tambi\u00e9n es integral, que pasa por trabajo social, acompa\u00f1amiento psicol\u00f3gico y comunitario. Son m\u00e1s de cinco casos\u201d, dijo.<\/p>\n<p>Refiri\u00f3 que se tuvo conocimiento de las fotograf\u00edas a trav\u00e9s de un enlace directo en el grupo de WhatsApp en el que se difundieron las im\u00e1genes de las estudiantes, aunque no revel\u00f3 desde hace cu\u00e1nto tiempo se presenta el acoso.<\/p>\n<p>\u201cHan recibido todo nuestro apoyo y se les ha externado igual a padres y madres de familia, as\u00ed como a la comunidad universitaria, que cualquiera de ellas se puede acercar a nosotras\u201d, agreg\u00f3.<\/p>\n<p>En la manifestaci\u00f3n, las estudiantes exigieron respeto a su derecho a la libre manifestaci\u00f3n y advirtieron que no tolerar\u00e1n actos de violencia f\u00edsica o verbal que da\u00f1e o menoscabe sus derechos; asimismo, exigieron a las autoridades a realizar acciones que permitan recabar opiniones de las ni\u00f1as, ni\u00f1os y adolescentes sobre temas de inter\u00e9s general, en espec\u00edfico sobre violencia medi\u00e1tica, digital y en la comunidad.<\/p>\n","protected":false},"excerpt":{"rendered":"<p>Estudiantes de la preparatoria Norte de la Universidad Aut\u00f3noma de Quer\u00e9taro ya presentaron m\u00e1s de cinco denuncias en la fiscal\u00eda, luego de que se difundiera fotograf\u00edas en grupos de whatsapp, presuntamente tomadas por personal de una paleter\u00eda ubicada frente a la escuela. Durante una manifestaci\u00f3n pac\u00edfica que llev\u00f3 por lema \u201cPor ti, por mi, por todas\u201d, Beatriz Esp\u00edndola, representante de<\/p>\n<div class=\"h10\"><\/div>\n<p><a class=\"more-link2 flat\" href=\"https:\/\/elconspirador.com.mx\/?p=26003\">Leer m\u00e1s<\/a><\/p>\n","protected":false},"author":1,"featured_media":26004,"comment_status":"open","ping_status":"open","sticky":false,"template":"","format":"standard","meta":{"om_disable_all_campaigns":false,"_uf_show_specific_survey":0,"_uf_disable_surveys":false},"categories":[1],"tags":[],"aioseo_notices":[],"_links":{"self":[{"href":"https:\/\/elconspirador.com.mx\/index.php?rest_route=\/wp\/v2\/posts\/26003"}],"collection":[{"href":"https:\/\/elconspirador.com.mx\/index.php?rest_route=\/wp\/v2\/posts"}],"about":[{"href":"https:\/\/elconspirador.com.mx\/index.php?rest_route=\/wp\/v2\/types\/post"}],"author":[{"embeddable":true,"href":"https:\/\/elconspirador.com.mx\/index.php?rest_route=\/wp\/v2\/users\/1"}],"replies":[{"embeddable":true,"href":"https:\/\/elconspirador.com.mx\/index.php?rest_route=%2Fwp%2Fv2%2Fcomments&post=26003"}],"version-history":[{"count":1,"href":"https:\/\/elconspirador.com.mx\/index.php?rest_route=\/wp\/v2\/posts\/26003\/revisions"}],"predecessor-version":[{"id":26005,"href":"https:\/\/elconspirador.com.mx\/index.php?rest_route=\/wp\/v2\/posts\/26003\/revisions\/26005"}],"wp:featuredmedia":[{"embeddable":true,"href":"https:\/\/elconspirador.com.mx\/index.php?rest_route=\/wp\/v2\/media\/26004"}],"wp:attachment":[{"href":"https:\/\/elconspirador.com.mx\/index.php?rest_route=%2Fwp%2Fv2%2Fmedia&parent=26003"}],"wp:term":[{"taxonomy":"category","embeddable":true,"href":"https:\/\/elconspirador.com.mx\/index.php?rest_route=%2Fwp%2Fv2%2Fcategories&post=26003"},{"taxonomy":"post_tag","embeddable":true,"href":"https:\/\/elconspirador.com.mx\/index.php?rest_route=%2Fwp%2Fv2%2Ftags&post=26003"}],"curies":[{"name":"wp","href":"https:\/\/api.w.org\/{rel}","templated":true}]}}