{"id":26006,"date":"2023-04-26T20:30:25","date_gmt":"2023-04-27T02:30:25","guid":{"rendered":"https:\/\/elconspirador.com.mx\/?p=26006"},"modified":"2023-04-26T20:30:25","modified_gmt":"2023-04-27T02:30:25","slug":"amlo-confirmo-desmayo-pero-por-covid","status":"publish","type":"post","link":"https:\/\/elconspirador.com.mx\/?p=26006","title":{"rendered":"AMLO CONFIRM\u00d3 DESMAYO\u2026 PERO POR COVID"},"content":{"rendered":"<p>El presidente de M\u00e9xico, Andr\u00e9s Manuel L\u00f3pez Obrador, puso fin a las especulaciones en torno a su estado de salud y reapareci\u00f3 en un video de youtube para informar sobre su condici\u00f3n m\u00e9dica. El mandatario confirm\u00f3 que se enferm\u00f3 de COVID-19 tras una gira de trabajo que implic\u00f3 cambios extremos de clima: &#8220;se me complic\u00f3 porque me fui a una gira muy intensa que inici\u00e9 en Veracruz. Hubo cambio de clima, despu\u00e9s en Quintana Roo, estuve en Chetumal, Canc\u00fan y en M\u00e9rida, ah\u00ed me hizo crisis porque se me baj\u00f3 de repente la presi\u00f3n&#8221;, dijo.<\/p>\n<p>De igual manera, el presidente revel\u00f3 que tuvo un desmayo transitorio mientras se encontraba en una reuni\u00f3n con ingenieros militares evaluando el tren Maya: &#8220;como que me qued\u00e9 dormido fue una especie de vaguido&#8221;, detall\u00f3. Agreg\u00f3 que los m\u00e9dicos tuvieron que atenderlo ah\u00ed mismo: &#8220;por la baja de presi\u00f3n quer\u00edan llevarme en camilla y en una ambulancia al hospital. Le pidieron instrucciones al general secretario y \u00e9l dijo que hicieran lo que correspond\u00eda, lo que se necesitara, que me atendieran. Yo no acept\u00e9, los charoli\u00e9, les dije &#8216;miren, \u00e9l es el general secretario, pero yo soy el comandante supremo de las Fuerzas Armadas entonces no me van a llevar a ning\u00fan lado aqu\u00ed en este sill\u00f3n me van a atender'&#8221;.<\/p>\n<p>El mandatario neg\u00f3 haber tenido afectaciones en el coraz\u00f3n, o en el cerebro: &#8220;afortunadamente no pas\u00f3 a mayores&#8221;. Asegur\u00f3 que fue trasladado a la Cuidad de M\u00e9xico en una ambulancia a\u00e9rea y que estando en la capital escribi\u00f3 un mensaje en sus redes sociales para dar a conocer su estado de salud. No obstante, se\u00f1al\u00f3 que a ra\u00edz de su publicaci\u00f3n, sus adversarios y la oposici\u00f3n comenzaron a especular sobre su condici\u00f3n m\u00e9dica, dando lugar a toda clase de rumores.<\/p>\n<p>L\u00f3pez Obrador asever\u00f3 que todo lo que se dijo, en redes sociales, sobre su estado de salud, fue informaci\u00f3n falsa. Puntualiz\u00f3 que no le dio un derrame cerebral, como algunos internautas se\u00f1alaron; tambi\u00e9n, desminti\u00f3 que hubiera m\u00e9dicos especialistas del Hospital Militar en Palacio Nacional. &#8220;Han dicho much\u00edsimas cosas (&#8230;) y no es as\u00ed. Afortunadamente, estoy muy bien. Estoy trabajando. Ya escrib\u00ed dos borradores, en estos d\u00edas, para el D\u00eda del Trabajo, y el que voy a pronunciar el 5 de mayo en Puebla, con motivo de la batalla de Puebla&#8221;.<\/p>\n<p>En su mensaje a la poblaci\u00f3n, el presidente detall\u00f3 que est\u00e1 al tanto de lo que est\u00e1 sucediendo en el pa\u00eds. &#8220;Me est\u00e1n informando de lo que est\u00e1 sucediendo en el pa\u00eds. Afortunadamente, las cosas est\u00e1n marchando bien en lo econ\u00f3mico. El peso sigue fuerte como nunca en cincuenta a\u00f1os, es la moneda que m\u00e1s se ha fortalecido en el mundo que m\u00e1s se ha revaluado. Est\u00e1 bajando la inflaci\u00f3n y sigue creciendo la econom\u00eda, sigue habiendo empleos. Se est\u00e1n aplicando, en todo el pa\u00eds, los programas de bienestar. Estamos avanzando tambi\u00e9n en garantizar la seguridad p\u00fablica, est\u00e1 bajando la incidencia la incidencia delictiva, en fin, vamos bien. Estamos bien y de buenas. Yo creo que el Creador, y los deseos que tenemos de vivir, nos van a permitir terminar nuestro mandato&#8221;, dijo.<\/p>\n<p>A lo largo de su mensaje, el mandatario lament\u00f3 que algunas personas le desearon la muerte y lanzaron fuertes especulaciones sobre su estado de salud. &#8220;Hasta me dieron por muerto. F\u00edjense que en pol\u00edtica, eh, me ha ayudado mucho de que me han dado por muerto despu\u00e9s de que nos hicieron el fraude de que nos robaron la presidencia, que vino ese sexenio tremendo de Garc\u00eda Luna, a mi me dieron por muerto, porque decid\u00ed recorrer todos los pueblos de M\u00e9xico. Me dieron por muerto y as\u00ed me salve, trabajando en las comunidades y construimos la organizaci\u00f3n que nos llev\u00f3 a la presidencia&#8221;.<\/p>\n<p>Finalmente, L\u00f3pez Obrador recalc\u00f3 que no hay razones para preocuparse, ya que est\u00e1 bien de salud. &#8220;Vamos a seguir luchando, ya saben como somos de perseverantes. Nos falta todav\u00eda un tiempo y van hacerse muchas cosas, muchas bellas cosas en beneficio del pueblo de M\u00e9xico, de nuestro querido pueblo de M\u00e9xico&#8221;, sentenci\u00f3.<\/p>\n","protected":false},"excerpt":{"rendered":"<p>El presidente de M\u00e9xico, Andr\u00e9s Manuel L\u00f3pez Obrador, puso fin a las especulaciones en torno a su estado de salud y reapareci\u00f3 en un video de youtube para informar sobre su condici\u00f3n m\u00e9dica. El mandatario confirm\u00f3 que se enferm\u00f3 de COVID-19 tras una gira de trabajo que implic\u00f3 cambios extremos de clima: &#8220;se me complic\u00f3 porque me fui a una<\/p>\n<div class=\"h10\"><\/div>\n<p><a class=\"more-link2 flat\" href=\"https:\/\/elconspirador.com.mx\/?p=26006\">Leer m\u00e1s<\/a><\/p>\n","protected":false},"author":1,"featured_media":26007,"comment_status":"open","ping_status":"open","sticky":false,"template":"","format":"standard","meta":{"om_disable_all_campaigns":false,"_uf_show_specific_survey":0,"_uf_disable_surveys":false},"categories":[68],"tags":[],"aioseo_notices":[],"_links":{"self":[{"href":"https:\/\/elconspirador.com.mx\/index.php?rest_route=\/wp\/v2\/posts\/26006"}],"collection":[{"href":"https:\/\/elconspirador.com.mx\/index.php?rest_route=\/wp\/v2\/posts"}],"about":[{"href":"https:\/\/elconspirador.com.mx\/index.php?rest_route=\/wp\/v2\/types\/post"}],"author":[{"embeddable":true,"href":"https:\/\/elconspirador.com.mx\/index.php?rest_route=\/wp\/v2\/users\/1"}],"replies":[{"embeddable":true,"href":"https:\/\/elconspirador.com.mx\/index.php?rest_route=%2Fwp%2Fv2%2Fcomments&post=26006"}],"version-history":[{"count":1,"href":"https:\/\/elconspirador.com.mx\/index.php?rest_route=\/wp\/v2\/posts\/26006\/revisions"}],"predecessor-version":[{"id":26008,"href":"https:\/\/elconspirador.com.mx\/index.php?rest_route=\/wp\/v2\/posts\/26006\/revisions\/26008"}],"wp:featuredmedia":[{"embeddable":true,"href":"https:\/\/elconspirador.com.mx\/index.php?rest_route=\/wp\/v2\/media\/26007"}],"wp:attachment":[{"href":"https:\/\/elconspirador.com.mx\/index.php?rest_route=%2Fwp%2Fv2%2Fmedia&parent=26006"}],"wp:term":[{"taxonomy":"category","embeddable":true,"href":"https:\/\/elconspirador.com.mx\/index.php?rest_route=%2Fwp%2Fv2%2Fcategories&post=26006"},{"taxonomy":"post_tag","embeddable":true,"href":"https:\/\/elconspirador.com.mx\/index.php?rest_route=%2Fwp%2Fv2%2Ftags&post=26006"}],"curies":[{"name":"wp","href":"https:\/\/api.w.org\/{rel}","templated":true}]}}