{"id":26009,"date":"2023-04-26T21:02:48","date_gmt":"2023-04-27T03:02:48","guid":{"rendered":"https:\/\/elconspirador.com.mx\/?p=26009"},"modified":"2023-04-26T21:02:48","modified_gmt":"2023-04-27T03:02:48","slug":"mantienen-suspension-del-plan-b-electoral","status":"publish","type":"post","link":"https:\/\/elconspirador.com.mx\/?p=26009","title":{"rendered":"MANTIENEN SUSPENSI\u00d3N DEL PLAN B ELECTORAL"},"content":{"rendered":"<div>\n<div>\n<p>La <strong>primera parte del \u201cplan B&#8221; electoral sobre propaganda<\/strong> impulsado desde la Presidencia recibi\u00f3 este mi\u00e9rcoles un nuevo rev\u00e9s en la<strong> Suprema Corte.<\/strong><\/p>\n<\/div>\n<\/div>\n<div>\n<div>\n<p>Y es que la Sala Segunda <strong>decidi\u00f3 mantener la suspensi\u00f3n vigente<\/strong> desde febrero a esas normas electorales.<\/p>\n<\/div>\n<\/div>\n<div>\n<div>\n<p>As\u00ed, la Sala Segunda de la Corte <strong>desech\u00f3 el proyecto de la ministra Loretta Ortiz<\/strong>, cercana al presidente L\u00f3pez Obrador y una de las ministras elegidas en este sexenio.<\/p>\n<p>Loretta Ortiz present\u00f3 un proyecto que <strong>propon\u00eda revocar la suspensi\u00f3n<\/strong> que impide aplicar las reglas de una parte del plan B electoral en los estados que tienen elecciones este 2023: Estado de M\u00e9xico y Coahuila.<\/p>\n<p>El 20 de febrero pasado, el ministro Alberto P\u00e9rez Day\u00e1n admiti\u00f3 una acci\u00f3n de inconstitucionalidad solicitada por partidos y legisladores de oposici\u00f3n contra esas reglas y otorg\u00f3 su suspensi\u00f3n al sostener que la aplicaci\u00f3n podr\u00eda causar afectaciones irreparables al sistema democr\u00e1tico.<\/p>\n<p>Por tanto, la ministra Ortiz, fundadora de Morena, daba la raz\u00f3n al recurso de reclamaci\u00f3n del Poder Ejecutivo contra la suspensi\u00f3n.<\/p>\n<p>La Consejer\u00eda Jur\u00eddica calific\u00f3 en febrero de \u201carbitraria e ilegal&#8221; la decisi\u00f3n de suspensi\u00f3n de ese tramo del plan B electoral y entonces advirti\u00f3 que impugnar\u00eda la decisi\u00f3n de la Corte.<\/p>\n<div>\n<div>\n<p>Sin embargo, este mi\u00e9rcoles no tuvo \u00e9xito y<strong> la suspensi\u00f3n al plan B seguir\u00e1<\/strong> luego que el p<strong>royecto de Loretta Ortiz fuera desechado por tres votos a favor y dos en contra<\/strong>.<\/p>\n<\/div>\n<\/div>\n<div>\n<div>\n<p>S\u00f3lo<strong> Loretta Ortiz y la ministra Yasm\u00edn Esquivel<\/strong>, envuelta en un esc\u00e1ndalo y batalla legal por su plagio de tesis de licencitura en la UNAM, <strong>apoyaron el proyecto de levantar la suspensi\u00f3n.<\/strong><\/p>\n<\/div>\n<\/div>\n<\/div>\n<\/div>\n","protected":false},"excerpt":{"rendered":"<p>La primera parte del \u201cplan B&#8221; electoral sobre propaganda impulsado desde la Presidencia recibi\u00f3 este mi\u00e9rcoles un nuevo rev\u00e9s en la Suprema Corte. Y es que la Sala Segunda decidi\u00f3 mantener la suspensi\u00f3n vigente desde febrero a esas normas electorales. As\u00ed, la Sala Segunda de la Corte desech\u00f3 el proyecto de la ministra Loretta Ortiz, cercana al presidente L\u00f3pez Obrador<\/p>\n<div class=\"h10\"><\/div>\n<p><a class=\"more-link2 flat\" href=\"https:\/\/elconspirador.com.mx\/?p=26009\">Leer m\u00e1s<\/a><\/p>\n","protected":false},"author":1,"featured_media":26011,"comment_status":"open","ping_status":"open","sticky":false,"template":"","format":"standard","meta":{"om_disable_all_campaigns":false,"_uf_show_specific_survey":0,"_uf_disable_surveys":false},"categories":[68],"tags":[],"aioseo_notices":[],"_links":{"self":[{"href":"https:\/\/elconspirador.com.mx\/index.php?rest_route=\/wp\/v2\/posts\/26009"}],"collection":[{"href":"https:\/\/elconspirador.com.mx\/index.php?rest_route=\/wp\/v2\/posts"}],"about":[{"href":"https:\/\/elconspirador.com.mx\/index.php?rest_route=\/wp\/v2\/types\/post"}],"author":[{"embeddable":true,"href":"https:\/\/elconspirador.com.mx\/index.php?rest_route=\/wp\/v2\/users\/1"}],"replies":[{"embeddable":true,"href":"https:\/\/elconspirador.com.mx\/index.php?rest_route=%2Fwp%2Fv2%2Fcomments&post=26009"}],"version-history":[{"count":2,"href":"https:\/\/elconspirador.com.mx\/index.php?rest_route=\/wp\/v2\/posts\/26009\/revisions"}],"predecessor-version":[{"id":26012,"href":"https:\/\/elconspirador.com.mx\/index.php?rest_route=\/wp\/v2\/posts\/26009\/revisions\/26012"}],"wp:featuredmedia":[{"embeddable":true,"href":"https:\/\/elconspirador.com.mx\/index.php?rest_route=\/wp\/v2\/media\/26011"}],"wp:attachment":[{"href":"https:\/\/elconspirador.com.mx\/index.php?rest_route=%2Fwp%2Fv2%2Fmedia&parent=26009"}],"wp:term":[{"taxonomy":"category","embeddable":true,"href":"https:\/\/elconspirador.com.mx\/index.php?rest_route=%2Fwp%2Fv2%2Fcategories&post=26009"},{"taxonomy":"post_tag","embeddable":true,"href":"https:\/\/elconspirador.com.mx\/index.php?rest_route=%2Fwp%2Fv2%2Ftags&post=26009"}],"curies":[{"name":"wp","href":"https:\/\/api.w.org\/{rel}","templated":true}]}}