{"id":26013,"date":"2023-04-26T23:52:06","date_gmt":"2023-04-27T05:52:06","guid":{"rendered":"https:\/\/elconspirador.com.mx\/?p=26013"},"modified":"2023-04-26T21:33:18","modified_gmt":"2023-04-27T03:33:18","slug":"gobierno-federal-tendra-aerolinea-federal","status":"publish","type":"post","link":"https:\/\/elconspirador.com.mx\/?p=26013","title":{"rendered":"GOBIERNO FEDERAL TENDR\u00c1 AEROL\u00cdNEA FEDERAL"},"content":{"rendered":"<p>Las comisiones unidas de Comunicaciones y Transportes, y de Estudios Legislativos Segunda del Senado aprobaron el proyecto de decreto por el que se reforman, adicionan y derogan diversas disposiciones de la Ley de Aeropuertos y de la Ley de Aviaci\u00f3n Civil.<\/p>\n<p>En el dictamen se destaca que las reformas en materia de aviaci\u00f3n civil est\u00e1n encaminadas a recuperar la Categor\u00eda 1 en seguridad a\u00e9rea, la cual perdi\u00f3 M\u00e9xico desde mayo de 2021. El proyecto elimina la figura del cabotaje que permit\u00eda a aerol\u00edneas extranjeras prestar servicio en rutas regionales, la cual se inclu\u00eda en la propuesta original.<\/p>\n<p>Adem\u00e1s, propone diversas acciones para recuperar la Categor\u00eda 1, entre las que destacan nuevas facultades a la Agencia Federal de Aviaci\u00f3n Civil (AFAC) para autorizar, regular, vigilar, supervisar y certificar las actividades relativas a la aviaci\u00f3n civil.<\/p>\n<p>Ser\u00e1 este organismo quien emitir\u00e1 las reglas de tr\u00e1nsito a\u00e9reo, asigne horarios de aterrizaje y despegue y defina las prioridades de turno de las aeronaves en los aeropuertos civiles declarados en condiciones de saturaci\u00f3n, adem\u00e1s estar\u00e1 a cargo del programa de seguridad de los servicios de control de tr\u00e1nsito a\u00e9reo.<\/p>\n<p>La propuesta, aprobada con 19 votos a favor y 6 abstenciones, plantea que el Gobierno federal pueda operar una l\u00ednea a\u00e9rea mediante la figura de asignaci\u00f3n directa, es decir, no entrar\u00eda a un proceso de licitaci\u00f3n.<\/p>\n<p>La persona titular de la Secretar\u00eda de Comunicaci\u00f3n otorgar\u00e1 t\u00edtulos de asignaci\u00f3n por tiempo indefinido a las entidades paraestatales de la Administraci\u00f3n P\u00fablica Federal, sin licitaci\u00f3n p\u00fablica, para la administraci\u00f3n, operaci\u00f3n, explotaci\u00f3n y, en su caso, construcci\u00f3n de aeropuertos y operaci\u00f3n de l\u00edneas a\u00e9reas\u201d, detalla el documento.<\/p>\n<p>La senadora Luc\u00eda Meza Guzm\u00e1n afirm\u00f3 que la propuesta del Ejecutivo federal atiende la necesidad de regular el marco jur\u00eddico nacional en materia de aviaci\u00f3n civil, para garantizar la seguridad operacional, la protecci\u00f3n y le eficiencia de las operaciones a\u00e9reas.<\/p>\n<p>El senador Rafael Espino de la Pe\u00f1a indic\u00f3 que la industria de la aviaci\u00f3n genera alrededor de un mill\u00f3n 400 mil trabajos directos e indirectos en el pa\u00eds, contribuye con 3.5 por ciento del Producto Interno Bruto y facilita el crecimiento de otros sectores, de ah\u00ed la importancia de recuperar la Categor\u00eda 1.<\/p>\n","protected":false},"excerpt":{"rendered":"<p>Las comisiones unidas de Comunicaciones y Transportes, y de Estudios Legislativos Segunda del Senado aprobaron el proyecto de decreto por el que se reforman, adicionan y derogan diversas disposiciones de la Ley de Aeropuertos y de la Ley de Aviaci\u00f3n Civil. En el dictamen se destaca que las reformas en materia de aviaci\u00f3n civil est\u00e1n encaminadas a recuperar la Categor\u00eda<\/p>\n<div class=\"h10\"><\/div>\n<p><a class=\"more-link2 flat\" href=\"https:\/\/elconspirador.com.mx\/?p=26013\">Leer m\u00e1s<\/a><\/p>\n","protected":false},"author":1,"featured_media":26014,"comment_status":"open","ping_status":"open","sticky":false,"template":"","format":"standard","meta":{"om_disable_all_campaigns":false,"_uf_show_specific_survey":0,"_uf_disable_surveys":false},"categories":[68],"tags":[],"aioseo_notices":[],"_links":{"self":[{"href":"https:\/\/elconspirador.com.mx\/index.php?rest_route=\/wp\/v2\/posts\/26013"}],"collection":[{"href":"https:\/\/elconspirador.com.mx\/index.php?rest_route=\/wp\/v2\/posts"}],"about":[{"href":"https:\/\/elconspirador.com.mx\/index.php?rest_route=\/wp\/v2\/types\/post"}],"author":[{"embeddable":true,"href":"https:\/\/elconspirador.com.mx\/index.php?rest_route=\/wp\/v2\/users\/1"}],"replies":[{"embeddable":true,"href":"https:\/\/elconspirador.com.mx\/index.php?rest_route=%2Fwp%2Fv2%2Fcomments&post=26013"}],"version-history":[{"count":1,"href":"https:\/\/elconspirador.com.mx\/index.php?rest_route=\/wp\/v2\/posts\/26013\/revisions"}],"predecessor-version":[{"id":26015,"href":"https:\/\/elconspirador.com.mx\/index.php?rest_route=\/wp\/v2\/posts\/26013\/revisions\/26015"}],"wp:featuredmedia":[{"embeddable":true,"href":"https:\/\/elconspirador.com.mx\/index.php?rest_route=\/wp\/v2\/media\/26014"}],"wp:attachment":[{"href":"https:\/\/elconspirador.com.mx\/index.php?rest_route=%2Fwp%2Fv2%2Fmedia&parent=26013"}],"wp:term":[{"taxonomy":"category","embeddable":true,"href":"https:\/\/elconspirador.com.mx\/index.php?rest_route=%2Fwp%2Fv2%2Fcategories&post=26013"},{"taxonomy":"post_tag","embeddable":true,"href":"https:\/\/elconspirador.com.mx\/index.php?rest_route=%2Fwp%2Fv2%2Ftags&post=26013"}],"curies":[{"name":"wp","href":"https:\/\/api.w.org\/{rel}","templated":true}]}}