{"id":26019,"date":"2023-04-27T06:21:51","date_gmt":"2023-04-27T12:21:51","guid":{"rendered":"https:\/\/elconspirador.com.mx\/?p=26019"},"modified":"2023-04-27T06:21:51","modified_gmt":"2023-04-27T12:21:51","slug":"queretanos-clasifican-a-mundial-de-natacion","status":"publish","type":"post","link":"https:\/\/elconspirador.com.mx\/?p=26019","title":{"rendered":"QUERETANOS CLASIFICAN A MUNDIAL DE NATACI\u00d3N"},"content":{"rendered":"<p>Los nadadores queretanos, Andrea Coll y Marco Mel\u00e9ndez, participaron en el Selectivo Nacional de Aguas Abiertas en Acapulco, Guerrero, competencia en la que obtuvieron su pase al Campeonato de la Confederaci\u00f3n Centroamericana y del Caribe de Aficionados a la Nataci\u00f3n (CCAN), que se llevar\u00e1 a cabo en El Salvador, en junio de 2023.<\/p>\n<p>&nbsp;<\/p>\n<p>Andrea Coll, del equipo del entrenador Ray Trujillo tuvo un registro de dos horas y 17 minutos en la prueba de 10 kil\u00f3metros; mientras que Marco Mel\u00e9ndez, liderado por el entrenador F\u00e9lix Guti\u00e9rrez, particip\u00f3 en la prueba de cinco kil\u00f3metros, donde obtuvo el tercer lugar con un tiempo de un minuto un segundo.<\/p>\n","protected":false},"excerpt":{"rendered":"<p>Los nadadores queretanos, Andrea Coll y Marco Mel\u00e9ndez, participaron en el Selectivo Nacional de Aguas Abiertas en Acapulco, Guerrero, competencia en la que obtuvieron su pase al Campeonato de la Confederaci\u00f3n Centroamericana y del Caribe de Aficionados a la Nataci\u00f3n (CCAN), que se llevar\u00e1 a cabo en El Salvador, en junio de 2023. &nbsp; Andrea Coll, del equipo del entrenador<\/p>\n<div class=\"h10\"><\/div>\n<p><a class=\"more-link2 flat\" href=\"https:\/\/elconspirador.com.mx\/?p=26019\">Leer m\u00e1s<\/a><\/p>\n","protected":false},"author":1,"featured_media":26020,"comment_status":"open","ping_status":"open","sticky":false,"template":"","format":"standard","meta":{"om_disable_all_campaigns":false,"_uf_show_specific_survey":0,"_uf_disable_surveys":false},"categories":[70],"tags":[],"aioseo_notices":[],"_links":{"self":[{"href":"https:\/\/elconspirador.com.mx\/index.php?rest_route=\/wp\/v2\/posts\/26019"}],"collection":[{"href":"https:\/\/elconspirador.com.mx\/index.php?rest_route=\/wp\/v2\/posts"}],"about":[{"href":"https:\/\/elconspirador.com.mx\/index.php?rest_route=\/wp\/v2\/types\/post"}],"author":[{"embeddable":true,"href":"https:\/\/elconspirador.com.mx\/index.php?rest_route=\/wp\/v2\/users\/1"}],"replies":[{"embeddable":true,"href":"https:\/\/elconspirador.com.mx\/index.php?rest_route=%2Fwp%2Fv2%2Fcomments&post=26019"}],"version-history":[{"count":1,"href":"https:\/\/elconspirador.com.mx\/index.php?rest_route=\/wp\/v2\/posts\/26019\/revisions"}],"predecessor-version":[{"id":26021,"href":"https:\/\/elconspirador.com.mx\/index.php?rest_route=\/wp\/v2\/posts\/26019\/revisions\/26021"}],"wp:featuredmedia":[{"embeddable":true,"href":"https:\/\/elconspirador.com.mx\/index.php?rest_route=\/wp\/v2\/media\/26020"}],"wp:attachment":[{"href":"https:\/\/elconspirador.com.mx\/index.php?rest_route=%2Fwp%2Fv2%2Fmedia&parent=26019"}],"wp:term":[{"taxonomy":"category","embeddable":true,"href":"https:\/\/elconspirador.com.mx\/index.php?rest_route=%2Fwp%2Fv2%2Fcategories&post=26019"},{"taxonomy":"post_tag","embeddable":true,"href":"https:\/\/elconspirador.com.mx\/index.php?rest_route=%2Fwp%2Fv2%2Ftags&post=26019"}],"curies":[{"name":"wp","href":"https:\/\/api.w.org\/{rel}","templated":true}]}}