{"id":26038,"date":"2023-04-28T23:55:38","date_gmt":"2023-04-29T05:55:38","guid":{"rendered":"https:\/\/elconspirador.com.mx\/?p=26038"},"modified":"2023-04-28T13:15:58","modified_gmt":"2023-04-28T19:15:58","slug":"migrantes-se-cosen-la-boca-como-protesta","status":"publish","type":"post","link":"https:\/\/elconspirador.com.mx\/?p=26038","title":{"rendered":"MIGRANTES SE COSEN LA BOCA COMO PROTESTA"},"content":{"rendered":"<p data-reader-unique-id=\"1\">En <strong data-reader-unique-id=\"2\">Huixtla, Chiapas<\/strong>, seis <strong data-reader-unique-id=\"3\">migrantes <\/strong>y el representante de Pueblos Sin frontera, Irineo Mujica, <strong data-reader-unique-id=\"5\">se cosieron la boca <\/strong>como protesta ante la falta de respuesta de las autoridades migratorias mexicanas de otorgar documentos legales a los integrantes de la caravana \u201cViacrucis del migrante\u201d y por la muerte de 40 extranjeros en Ciudad Ju\u00e1rez, Chihuahua.<\/p>\n<p data-reader-unique-id=\"9\">Se\u00f1al\u00f3\u00a0que ven la<strong data-reader-unique-id=\"10\"> poca sensibilidad del gobierno<\/strong> en no atender a los migrantes que caminan, especialmente a los ni\u00f1os.<\/p>\n<p data-reader-unique-id=\"11\">Los migrantes que se cosieron la boca son de <strong data-reader-unique-id=\"12\">Brasil, Colombia, Honduras, El Salvador, Venezuela <\/strong>e Irineo Mujica, quien encabeza la caravana.<\/p>\n<p data-reader-unique-id=\"13\">Anunci\u00f3 que ma\u00f1ana a partir de las 4:00 horas caminaran hacia el municipio de Villa Comaltitl\u00e1n a 16 kil\u00f3metros de distancia del municipio de Huixtla, Chiapas.<\/p>\n<p data-reader-unique-id=\"14\">La madrugad de este martes los migrantes partieron del municipio de Huehuet\u00e1n, donde pernoctaron.<\/p>\n","protected":false},"excerpt":{"rendered":"<p>En Huixtla, Chiapas, seis migrantes y el representante de Pueblos Sin frontera, Irineo Mujica, se cosieron la boca como protesta ante la falta de respuesta de las autoridades migratorias mexicanas de otorgar documentos legales a los integrantes de la caravana \u201cViacrucis del migrante\u201d y por la muerte de 40 extranjeros en Ciudad Ju\u00e1rez, Chihuahua. Se\u00f1al\u00f3\u00a0que ven la poca sensibilidad del<\/p>\n<div class=\"h10\"><\/div>\n<p><a class=\"more-link2 flat\" href=\"https:\/\/elconspirador.com.mx\/?p=26038\">Leer m\u00e1s<\/a><\/p>\n","protected":false},"author":1,"featured_media":26039,"comment_status":"open","ping_status":"open","sticky":false,"template":"","format":"standard","meta":{"om_disable_all_campaigns":false,"_uf_show_specific_survey":0,"_uf_disable_surveys":false},"categories":[1,68],"tags":[],"aioseo_notices":[],"_links":{"self":[{"href":"https:\/\/elconspirador.com.mx\/index.php?rest_route=\/wp\/v2\/posts\/26038"}],"collection":[{"href":"https:\/\/elconspirador.com.mx\/index.php?rest_route=\/wp\/v2\/posts"}],"about":[{"href":"https:\/\/elconspirador.com.mx\/index.php?rest_route=\/wp\/v2\/types\/post"}],"author":[{"embeddable":true,"href":"https:\/\/elconspirador.com.mx\/index.php?rest_route=\/wp\/v2\/users\/1"}],"replies":[{"embeddable":true,"href":"https:\/\/elconspirador.com.mx\/index.php?rest_route=%2Fwp%2Fv2%2Fcomments&post=26038"}],"version-history":[{"count":1,"href":"https:\/\/elconspirador.com.mx\/index.php?rest_route=\/wp\/v2\/posts\/26038\/revisions"}],"predecessor-version":[{"id":26040,"href":"https:\/\/elconspirador.com.mx\/index.php?rest_route=\/wp\/v2\/posts\/26038\/revisions\/26040"}],"wp:featuredmedia":[{"embeddable":true,"href":"https:\/\/elconspirador.com.mx\/index.php?rest_route=\/wp\/v2\/media\/26039"}],"wp:attachment":[{"href":"https:\/\/elconspirador.com.mx\/index.php?rest_route=%2Fwp%2Fv2%2Fmedia&parent=26038"}],"wp:term":[{"taxonomy":"category","embeddable":true,"href":"https:\/\/elconspirador.com.mx\/index.php?rest_route=%2Fwp%2Fv2%2Fcategories&post=26038"},{"taxonomy":"post_tag","embeddable":true,"href":"https:\/\/elconspirador.com.mx\/index.php?rest_route=%2Fwp%2Fv2%2Ftags&post=26038"}],"curies":[{"name":"wp","href":"https:\/\/api.w.org\/{rel}","templated":true}]}}