{"id":26147,"date":"2023-04-29T08:31:18","date_gmt":"2023-04-29T14:31:18","guid":{"rendered":"https:\/\/elconspirador.com.mx\/?p=26147"},"modified":"2023-04-29T08:31:18","modified_gmt":"2023-04-29T14:31:18","slug":"se-incrementan-casos-de-varicela-en-mexico","status":"publish","type":"post","link":"https:\/\/elconspirador.com.mx\/?p=26147","title":{"rendered":"SE INCREMENTAN CASOS DE VARICELA EN M\u00c9XICO"},"content":{"rendered":"<p data-reader-unique-id=\"16\">En 2023, van m\u00e1s de 12 mil casos de varicela, casi 6 mil casos m\u00e1s que en el mismo lapso del 2022, es decir, se duplicaron.<\/p>\n<p data-reader-unique-id=\"17\">Jaqueline vacun\u00f3 a su hijo Erick contra la varicela al a\u00f1o de edad.<\/p>\n<p data-reader-unique-id=\"17\"><em data-reader-unique-id=\"23\">\u201cAhorita estamos viendo que la varicela al parecer est\u00e1 regresando a lo que ve\u00edamos en la \u00e9poca pre pandemia; tenemos casos sobre todo en primavera, verano y brote en las escuelas\u201d. <\/em><cite data-reader-unique-id=\"24\">Rodrigo Romero Feregrino<br data-reader-unique-id=\"25\" \/>Asociaci\u00f3n Mexicana de Vacunolog\u00eda<\/cite>none<\/p>\n<p data-reader-unique-id=\"26\">La varicela es una enfermedad muy com\u00fan en la ni\u00f1ez, muy contagiosa, causada por el virus varicela-zoster (un tipo de herpes), que provoca fiebre, dolor de cabeza, cansancio, debilidad y despu\u00e9s erupciones en forma de ampollas que se secan formando una costra.<\/p>\n<p class=\"clear\" data-reader-unique-id=\"27\">La enfermedad se contrae al tocar el l\u00edquido de las ampollas de la persona enferma o a trav\u00e9s del contacto con su saliva o flujos nasales y, el periodo de mayor contagio, va de uno a 2 d\u00edas antes de que aparezcan las ampollas hasta que se hayan formado las costras.<\/p>\n<p data-reader-unique-id=\"32\">La mayor\u00eda de las personas solamente la contraen una vez en su vida.<\/p>\n<p class=\"clear\" data-reader-unique-id=\"33\">\u00bfPor qu\u00e9 incrementaron los casos?<\/p>\n<p data-reader-unique-id=\"36\">Son distintas las causas del incremento de casos.<br \/>\n<em data-reader-unique-id=\"40\">\u201cDefinitivamente, es la suma de todos estos factores ambientales, nutricionales, estr\u00e9s, factores incluso econ\u00f3micos evidentemente los ni\u00f1os han dejado tambi\u00e9n de recibir el esquema completo de vacunaci\u00f3n en este periodo\u201d<\/em>.<\/p>\n<p><cite data-reader-unique-id=\"41\">Gerardo L\u00f3pez P\u00e9rez<br data-reader-unique-id=\"42\" \/>Alerg\u00f3logo e infect\u00f3logo Pediatra<\/cite>none<\/p>\n<p data-reader-unique-id=\"43\">Recuerda que la varicela afecta principalmente a los ni\u00f1os.<br \/>\n<em data-reader-unique-id=\"47\">\u201cSe caracteriza principalmente por empezar por un cuadro catarral inicial despu\u00e9s de haber iniciado el contacto m\u00e1s o menos a los tres o cinco d\u00edas y posteriormente empiezan brotes en la piel\u201d.<\/em><\/p>\n<p><cite data-reader-unique-id=\"48\">Gerardo L\u00f3pez P\u00e9rez<br data-reader-unique-id=\"49\" \/>Alerg\u00f3logo e infect\u00f3logo Pediatra<\/cite>none<\/p>\n<p data-reader-unique-id=\"50\">Es benigna, pero, puede complicarse.<\/p>\n<p data-reader-unique-id=\"50\"><em data-reader-unique-id=\"56\">\u201cSinusitis, en neumon\u00eda, en meningitis o encefalitis por varicela y obviamente en los ni\u00f1os que tienen un deterioro mayor en tener una infecci\u00f3n sist\u00e9mica\u201d.<\/em><\/p>\n<p><cite data-reader-unique-id=\"57\">Gerardo L\u00f3pez P\u00e9rez<br data-reader-unique-id=\"58\" \/>Alerg\u00f3logo e infect\u00f3logo Pediatra<\/cite>none<\/p>\n<h2 class=\"clear\" data-reader-unique-id=\"59\">Vacunas para la varicela<\/h2>\n<p data-reader-unique-id=\"60\">Para protegerse, est\u00e1 disponible la vacuna contra\u00a0la varicela, se debe aplicar entre el a\u00f1o y a\u00f1o 3 meses de edad.<br data-reader-unique-id=\"62\" \/><br data-reader-unique-id=\"63\" \/>La segunda dosis entre los 4 y 6 a\u00f1os.<\/p>\n<p data-reader-unique-id=\"60\"><em data-reader-unique-id=\"67\">\u201cEsta vacuna no se encuentra dentro del Esquema Nacional de vacunaci\u00f3n a veces la aplican en algunas instituciones como el IMSS o ISSSTE, en una cantidad peque\u00f1a y se puede encontrar en centros de vacunaci\u00f3n privados o con m\u00e9dicos privados para prevenir esta enfermedad\u201d, <\/em>Rodrigo Romero Feregrino<\/p>\n<p><cite data-reader-unique-id=\"68\">Asociaci\u00f3n Mexicana de Vacunolog\u00eda<\/cite>none<\/p>\n<p data-reader-unique-id=\"70\">De acuerdo con la Secretar\u00eda de Salud federal, las entidades federativas en M\u00e9xico con mayor n\u00famero de casos en lo que va del 2023 son: Jalisco con mil 188, el Estado de M\u00e9xico con mil 87 casos, la Ciudad de M\u00e9xico con 944 y Veracruz con 700 casos de varicela.<\/p>\n","protected":false},"excerpt":{"rendered":"<p>En 2023, van m\u00e1s de 12 mil casos de varicela, casi 6 mil casos m\u00e1s que en el mismo lapso del 2022, es decir, se duplicaron. Jaqueline vacun\u00f3 a su hijo Erick contra la varicela al a\u00f1o de edad. \u201cAhorita estamos viendo que la varicela al parecer est\u00e1 regresando a lo que ve\u00edamos en la \u00e9poca pre pandemia; tenemos casos<\/p>\n<div class=\"h10\"><\/div>\n<p><a class=\"more-link2 flat\" href=\"https:\/\/elconspirador.com.mx\/?p=26147\">Leer m\u00e1s<\/a><\/p>\n","protected":false},"author":1,"featured_media":26148,"comment_status":"open","ping_status":"open","sticky":false,"template":"","format":"standard","meta":{"om_disable_all_campaigns":false,"_uf_show_specific_survey":0,"_uf_disable_surveys":false},"categories":[68],"tags":[],"aioseo_notices":[],"_links":{"self":[{"href":"https:\/\/elconspirador.com.mx\/index.php?rest_route=\/wp\/v2\/posts\/26147"}],"collection":[{"href":"https:\/\/elconspirador.com.mx\/index.php?rest_route=\/wp\/v2\/posts"}],"about":[{"href":"https:\/\/elconspirador.com.mx\/index.php?rest_route=\/wp\/v2\/types\/post"}],"author":[{"embeddable":true,"href":"https:\/\/elconspirador.com.mx\/index.php?rest_route=\/wp\/v2\/users\/1"}],"replies":[{"embeddable":true,"href":"https:\/\/elconspirador.com.mx\/index.php?rest_route=%2Fwp%2Fv2%2Fcomments&post=26147"}],"version-history":[{"count":1,"href":"https:\/\/elconspirador.com.mx\/index.php?rest_route=\/wp\/v2\/posts\/26147\/revisions"}],"predecessor-version":[{"id":26149,"href":"https:\/\/elconspirador.com.mx\/index.php?rest_route=\/wp\/v2\/posts\/26147\/revisions\/26149"}],"wp:featuredmedia":[{"embeddable":true,"href":"https:\/\/elconspirador.com.mx\/index.php?rest_route=\/wp\/v2\/media\/26148"}],"wp:attachment":[{"href":"https:\/\/elconspirador.com.mx\/index.php?rest_route=%2Fwp%2Fv2%2Fmedia&parent=26147"}],"wp:term":[{"taxonomy":"category","embeddable":true,"href":"https:\/\/elconspirador.com.mx\/index.php?rest_route=%2Fwp%2Fv2%2Fcategories&post=26147"},{"taxonomy":"post_tag","embeddable":true,"href":"https:\/\/elconspirador.com.mx\/index.php?rest_route=%2Fwp%2Fv2%2Ftags&post=26147"}],"curies":[{"name":"wp","href":"https:\/\/api.w.org\/{rel}","templated":true}]}}