{"id":26153,"date":"2023-04-29T14:49:56","date_gmt":"2023-04-29T20:49:56","guid":{"rendered":"https:\/\/elconspirador.com.mx\/?p=26153"},"modified":"2023-04-29T14:49:56","modified_gmt":"2023-04-29T20:49:56","slug":"invita-la-uaq-a-nivel-nacional-a-exposicion-de-mafalda","status":"publish","type":"post","link":"https:\/\/elconspirador.com.mx\/?p=26153","title":{"rendered":"INVITA LA UAQ A NIVEL NACIONAL A EXPOSICI\u00d3N DE MAFALDA"},"content":{"rendered":"<p>En el marco del 50 Aniversario del Centro Universitario, la Secretar\u00eda de Extensi\u00f3n y Cultura Universitaria (SECU) de la Universidad Aut\u00f3noma de Quer\u00e9taro (UAQ), junto con la Embajada de Argentina en M\u00e9xico y la Direcci\u00f3n de Cultura del municipio de San Juan del R\u00edo, extendieron desde la C\u00e1mara de Diputados federal, la invitaci\u00f3n a las y los habitantes del pa\u00eds para visitar la exposici\u00f3n \u201cEl Mundo de Quino\u201d, ubicada en la explanada de Rector\u00eda de la M\u00e1xima Casa de Estudios queretana.<\/p>\n<p>Dicha exposici\u00f3n estar\u00e1 presente <span dir=\"ltr\">hasta el 18 de mayo<\/span> de este a\u00f1o e incluye ilustraciones del reconocido historietista argentino Joaqu\u00edn Salvador Lavado Tej\u00f3n, mejor conocido como \u201cQuino\u201d, y se compone de ilustraciones de 1.80 metros por 1.20 que invitan a la reflexi\u00f3n sobre el mundo moderno, la paz y la libertad.<\/p>\n<p>El director de Enlace y Desarrollo Universitario de la SECU, Pablo Alejandro Cabral Brava, sostuvo que la muestra de obras ha sido fruto de los esfuerzos que se han hecho con la Embajada de Argentina para promover la cultura de dicho pa\u00eds en nuestra regi\u00f3n; de igual forma, reafirm\u00f3 la invitaci\u00f3n a las poblaciones al interior del pa\u00eds para visitar la exposici\u00f3n itinerante que tambi\u00e9n estar\u00e1 ubicada en distintos municipios de la entidad y en Guanajuato.<\/p>\n<p>Por su parte, la directora de Cultura del municipio de San Juan del R\u00edo, Aleyda Andr\u00e9s Ibarra, agradeci\u00f3 la disposici\u00f3n de la M\u00e1xima Casa de Estudios queretana y de la Embajada por fomentar al arte y la cultura.<\/p>\n<p>El embajador de Argentina en M\u00e9xico, \u00a0Carlos Alfonso Tomada, adelant\u00f3 que la UAQ realizar\u00e1 el primer Encuentro Internacional de Librer\u00eda, espacio que fomentar\u00e1 la lectura y en donde Argentina ser\u00e1 el pa\u00eds invitado con el lema \u201cHermandad y memoria\u201d, en alusi\u00f3n a actividades que han marcado el v\u00ednculo entre ambos pa\u00edses como el acogimiento de refugiados durante la dictadura c\u00edvico-militar del pa\u00eds sudamericano.<\/p>\n<p>De igual forma, reconoci\u00f3 la labor de la UAQ para reforzar las relaciones bilaterales entre los dos pa\u00edses no solo a ra\u00edz de la exposici\u00f3n, sino tambi\u00e9n por la realizaci\u00f3n de convenios acad\u00e9micos y del Festival Internacional de Tango, que en este 2023 tendr\u00e1 su segunda edici\u00f3n.<\/p>\n<p>\u201cDetr\u00e1s de esto hay un gran trabajo y colaboraci\u00f3n con el estado de Quer\u00e9taro y la UAQ. Mis respetos a su rectora, Dra. Teresa Garc\u00eda Gasca, a quien tuve la oportunidad de conocer cuando fue el Festival de Tango, as\u00ed como durante la C\u00e1tedra de Tango Astor Piazzolla, que se dedica a fomentar el estudio y la investigaci\u00f3n alrededor de este g\u00e9nero musical\u201d, refiri\u00f3 el funcionario argentino.<\/p>\n<p>Finalmente, la diputada federal de la LXV Legislatura, Paulina Aguado Romero, afianz\u00f3 la invitaci\u00f3n a los p\u00fablicos al interior del pa\u00eds para que contemplen durante los pr\u00f3ximos d\u00edas en el Centro Universitario la exposici\u00f3n \u201cEl Mundo de Quino\u201d, muestra que enaltece el pensamiento y los ideales de justicia y paz social en las juventudes.<\/p>\n","protected":false},"excerpt":{"rendered":"<p>En el marco del 50 Aniversario del Centro Universitario, la Secretar\u00eda de Extensi\u00f3n y Cultura Universitaria (SECU) de la Universidad Aut\u00f3noma de Quer\u00e9taro (UAQ), junto con la Embajada de Argentina en M\u00e9xico y la Direcci\u00f3n de Cultura del municipio de San Juan del R\u00edo, extendieron desde la C\u00e1mara de Diputados federal, la invitaci\u00f3n a las y los habitantes del pa\u00eds<\/p>\n<div class=\"h10\"><\/div>\n<p><a class=\"more-link2 flat\" href=\"https:\/\/elconspirador.com.mx\/?p=26153\">Leer m\u00e1s<\/a><\/p>\n","protected":false},"author":1,"featured_media":26154,"comment_status":"open","ping_status":"open","sticky":false,"template":"","format":"standard","meta":{"om_disable_all_campaigns":false,"_uf_show_specific_survey":0,"_uf_disable_surveys":false},"categories":[1],"tags":[],"aioseo_notices":[],"_links":{"self":[{"href":"https:\/\/elconspirador.com.mx\/index.php?rest_route=\/wp\/v2\/posts\/26153"}],"collection":[{"href":"https:\/\/elconspirador.com.mx\/index.php?rest_route=\/wp\/v2\/posts"}],"about":[{"href":"https:\/\/elconspirador.com.mx\/index.php?rest_route=\/wp\/v2\/types\/post"}],"author":[{"embeddable":true,"href":"https:\/\/elconspirador.com.mx\/index.php?rest_route=\/wp\/v2\/users\/1"}],"replies":[{"embeddable":true,"href":"https:\/\/elconspirador.com.mx\/index.php?rest_route=%2Fwp%2Fv2%2Fcomments&post=26153"}],"version-history":[{"count":1,"href":"https:\/\/elconspirador.com.mx\/index.php?rest_route=\/wp\/v2\/posts\/26153\/revisions"}],"predecessor-version":[{"id":26155,"href":"https:\/\/elconspirador.com.mx\/index.php?rest_route=\/wp\/v2\/posts\/26153\/revisions\/26155"}],"wp:featuredmedia":[{"embeddable":true,"href":"https:\/\/elconspirador.com.mx\/index.php?rest_route=\/wp\/v2\/media\/26154"}],"wp:attachment":[{"href":"https:\/\/elconspirador.com.mx\/index.php?rest_route=%2Fwp%2Fv2%2Fmedia&parent=26153"}],"wp:term":[{"taxonomy":"category","embeddable":true,"href":"https:\/\/elconspirador.com.mx\/index.php?rest_route=%2Fwp%2Fv2%2Fcategories&post=26153"},{"taxonomy":"post_tag","embeddable":true,"href":"https:\/\/elconspirador.com.mx\/index.php?rest_route=%2Fwp%2Fv2%2Ftags&post=26153"}],"curies":[{"name":"wp","href":"https:\/\/api.w.org\/{rel}","templated":true}]}}