{"id":26195,"date":"2023-04-30T19:00:44","date_gmt":"2023-05-01T01:00:44","guid":{"rendered":"https:\/\/elconspirador.com.mx\/?p=26195"},"modified":"2023-04-30T19:00:44","modified_gmt":"2023-05-01T01:00:44","slug":"continua-uaq-con-acciones-a-favor-del-medio-ambiente","status":"publish","type":"post","link":"https:\/\/elconspirador.com.mx\/?p=26195","title":{"rendered":"CONTIN\u00daA UAQ CON ACCIONES A FAVOR DEL MEDIO AMBIENTE"},"content":{"rendered":"<p>Con el objetivo de fomentar un medio ambiente saludable y atender la problem\u00e1tica del cambio clim\u00e1tico, las facultades de Ciencias Naturales (FCN), Ingenier\u00eda (FI) y la Escuela de Bachilleres (EB) de la Universidad Aut\u00f3noma de Quer\u00e9taro (UAQ) firmaron ante estudiantes de dichas unidades acad\u00e9micas la Carta de Compromiso Sostenible 2023 de la fundaci\u00f3n EDUCA M\u00e9xico AC, acto con el que se inscribieron tambi\u00e9n al programa Escuelas y Universidades por la Tierra 2023.<\/p>\n<p>&nbsp;<\/p>\n<p>Escuelas por la Tierra es un programa de Fundaci\u00f3n EDUCA M\u00e9xico que tiene como prop\u00f3sito lograr que estudiantes del mundo pertenecientes a todos los niveles educativos tengan acceso a la Educaci\u00f3n Ambiental para el Desarrollo Sostenible en espacios educativos formales, como herramienta primordial ante la crisis clim\u00e1tica.<\/p>\n<p>&nbsp;<\/p>\n<p>Al respecto, el director de la FI, Dr. Manuel Toledano Ayala, record\u00f3 la importancia de encauzar acciones en pro del medio ambiente; en este sentido, refiri\u00f3 que la firma de la Carta incluye a Ingenier\u00eda Agroindustrial de los campus Amazcala, Amealco y Conc\u00e1.<\/p>\n<p>&nbsp;<\/p>\n<p>\u201cImpulsamos una iniciativa para que estos campus puedan empezar la Certificaci\u00f3n Verde de EDUCA M\u00e9xico. Esta firma es el inicio de esto; cada uno de nosotros somos pieza fundamental para ello\u201d, puntualiz\u00f3 el Director.<\/p>\n<p>&nbsp;<\/p>\n<p>El coordinador de la FCN en campus Amazcala, Dr. Juan Carlos Silva Jarqui\u0301n, celebr\u00f3 la firma del compromiso, al tiempo que invit\u00f3 a las y los presentes a participar activamente en dicho programa, el cual permitir\u00e1 sacar adelante el potencial de los campus referidos.<\/p>\n<p>&nbsp;<\/p>\n<p>Por su parte, el director de la EB, Mtro. Jaime Nieves Medrano, agradeci\u00f3 la gesti\u00f3n para hacer posible la integraci\u00f3n a la Red de Escuelas por la Tierra; al respecto, hizo un llamado a las y los estudiantes para generar conciencia y fomentar el cuidado del uso del agua.<\/p>\n<p>&nbsp;<\/p>\n<p>Como parte de las actividades, estudiantes de la Escuela de Bachilleres realizaron una visita guiada al establo lechero, el \u00e1rea de compostaje y el huerto sostenible del campus Amazcala, a cargo del Dr. Adri\u00e1n Ortega Torres y el Ing. Medardo Naranjo Valdez.<\/p>\n","protected":false},"excerpt":{"rendered":"<p>Con el objetivo de fomentar un medio ambiente saludable y atender la problem\u00e1tica del cambio clim\u00e1tico, las facultades de Ciencias Naturales (FCN), Ingenier\u00eda (FI) y la Escuela de Bachilleres (EB) de la Universidad Aut\u00f3noma de Quer\u00e9taro (UAQ) firmaron ante estudiantes de dichas unidades acad\u00e9micas la Carta de Compromiso Sostenible 2023 de la fundaci\u00f3n EDUCA M\u00e9xico AC, acto con el que<\/p>\n<div class=\"h10\"><\/div>\n<p><a class=\"more-link2 flat\" href=\"https:\/\/elconspirador.com.mx\/?p=26195\">Leer m\u00e1s<\/a><\/p>\n","protected":false},"author":1,"featured_media":26196,"comment_status":"open","ping_status":"open","sticky":false,"template":"","format":"standard","meta":{"om_disable_all_campaigns":false,"_uf_show_specific_survey":0,"_uf_disable_surveys":false},"categories":[1],"tags":[],"aioseo_notices":[],"_links":{"self":[{"href":"https:\/\/elconspirador.com.mx\/index.php?rest_route=\/wp\/v2\/posts\/26195"}],"collection":[{"href":"https:\/\/elconspirador.com.mx\/index.php?rest_route=\/wp\/v2\/posts"}],"about":[{"href":"https:\/\/elconspirador.com.mx\/index.php?rest_route=\/wp\/v2\/types\/post"}],"author":[{"embeddable":true,"href":"https:\/\/elconspirador.com.mx\/index.php?rest_route=\/wp\/v2\/users\/1"}],"replies":[{"embeddable":true,"href":"https:\/\/elconspirador.com.mx\/index.php?rest_route=%2Fwp%2Fv2%2Fcomments&post=26195"}],"version-history":[{"count":1,"href":"https:\/\/elconspirador.com.mx\/index.php?rest_route=\/wp\/v2\/posts\/26195\/revisions"}],"predecessor-version":[{"id":26197,"href":"https:\/\/elconspirador.com.mx\/index.php?rest_route=\/wp\/v2\/posts\/26195\/revisions\/26197"}],"wp:featuredmedia":[{"embeddable":true,"href":"https:\/\/elconspirador.com.mx\/index.php?rest_route=\/wp\/v2\/media\/26196"}],"wp:attachment":[{"href":"https:\/\/elconspirador.com.mx\/index.php?rest_route=%2Fwp%2Fv2%2Fmedia&parent=26195"}],"wp:term":[{"taxonomy":"category","embeddable":true,"href":"https:\/\/elconspirador.com.mx\/index.php?rest_route=%2Fwp%2Fv2%2Fcategories&post=26195"},{"taxonomy":"post_tag","embeddable":true,"href":"https:\/\/elconspirador.com.mx\/index.php?rest_route=%2Fwp%2Fv2%2Ftags&post=26195"}],"curies":[{"name":"wp","href":"https:\/\/api.w.org\/{rel}","templated":true}]}}