{"id":26229,"date":"2023-05-01T11:11:36","date_gmt":"2023-05-01T17:11:36","guid":{"rendered":"https:\/\/elconspirador.com.mx\/?p=26229"},"modified":"2023-05-01T11:11:36","modified_gmt":"2023-05-01T17:11:36","slug":"sesa-alista-mudanza-se-sus-oficinas","status":"publish","type":"post","link":"https:\/\/elconspirador.com.mx\/?p=26229","title":{"rendered":"SESA ALISTA MUDANZA SE SUS OFICINAS"},"content":{"rendered":"<p>Ser\u00e1 en pr\u00f3ximos d\u00edas cuando la Secretar\u00eda de Salud se mude a sus nuevas instalaciones, con el fin de tener un solo edificio administrativo.<\/p>\n<p>Sin embargo la titular de la dependencia, Martina P\u00e9rez Rend\u00f3n, prefiri\u00f3 no emitir mayores detalles, pues por el momento no se tiene una fecha para el cambio.<\/p>\n<p>&#8220;Son los tres edificios los que nos estar\u00edamos cambiando. Todo lo que es el cuerpo de gobierno, todo lo de oficina central. Ahorita ni siquiera tenemos una fecha, hasta que tengamos el edificio como nosotros lo requerimos&#8221;.<\/p>\n<p>Y es que alrededor de 700 trabajadores se mudar\u00e1n a las nuevas instalaciones, de las cuales prefiri\u00f3 no emitir detalles de d\u00f3nde se ubicar\u00e1n.<\/p>\n<p>En ese sentido aclar\u00f3 que la dependencia rentar\u00e1 las oficinas, aunque las actuales ubicadas en 16 de Septiembre tambi\u00e9n son rentadas.<\/p>\n<p>&#8220;Estamos en eso porque s\u00ed estamos un poquito apretados y la idea es poder conjuntar esas oficinas, las que tenemos en Calesa y en Nueva Italia&#8221;.<\/p>\n","protected":false},"excerpt":{"rendered":"<p>Ser\u00e1 en pr\u00f3ximos d\u00edas cuando la Secretar\u00eda de Salud se mude a sus nuevas instalaciones, con el fin de tener un solo edificio administrativo. Sin embargo la titular de la dependencia, Martina P\u00e9rez Rend\u00f3n, prefiri\u00f3 no emitir mayores detalles, pues por el momento no se tiene una fecha para el cambio. &#8220;Son los tres edificios los que nos estar\u00edamos cambiando.<\/p>\n<div class=\"h10\"><\/div>\n<p><a class=\"more-link2 flat\" href=\"https:\/\/elconspirador.com.mx\/?p=26229\">Leer m\u00e1s<\/a><\/p>\n","protected":false},"author":1,"featured_media":26230,"comment_status":"open","ping_status":"open","sticky":false,"template":"","format":"standard","meta":{"om_disable_all_campaigns":false,"_uf_show_specific_survey":0,"_uf_disable_surveys":false},"categories":[1],"tags":[],"aioseo_notices":[],"_links":{"self":[{"href":"https:\/\/elconspirador.com.mx\/index.php?rest_route=\/wp\/v2\/posts\/26229"}],"collection":[{"href":"https:\/\/elconspirador.com.mx\/index.php?rest_route=\/wp\/v2\/posts"}],"about":[{"href":"https:\/\/elconspirador.com.mx\/index.php?rest_route=\/wp\/v2\/types\/post"}],"author":[{"embeddable":true,"href":"https:\/\/elconspirador.com.mx\/index.php?rest_route=\/wp\/v2\/users\/1"}],"replies":[{"embeddable":true,"href":"https:\/\/elconspirador.com.mx\/index.php?rest_route=%2Fwp%2Fv2%2Fcomments&post=26229"}],"version-history":[{"count":1,"href":"https:\/\/elconspirador.com.mx\/index.php?rest_route=\/wp\/v2\/posts\/26229\/revisions"}],"predecessor-version":[{"id":26231,"href":"https:\/\/elconspirador.com.mx\/index.php?rest_route=\/wp\/v2\/posts\/26229\/revisions\/26231"}],"wp:featuredmedia":[{"embeddable":true,"href":"https:\/\/elconspirador.com.mx\/index.php?rest_route=\/wp\/v2\/media\/26230"}],"wp:attachment":[{"href":"https:\/\/elconspirador.com.mx\/index.php?rest_route=%2Fwp%2Fv2%2Fmedia&parent=26229"}],"wp:term":[{"taxonomy":"category","embeddable":true,"href":"https:\/\/elconspirador.com.mx\/index.php?rest_route=%2Fwp%2Fv2%2Fcategories&post=26229"},{"taxonomy":"post_tag","embeddable":true,"href":"https:\/\/elconspirador.com.mx\/index.php?rest_route=%2Fwp%2Fv2%2Ftags&post=26229"}],"curies":[{"name":"wp","href":"https:\/\/api.w.org\/{rel}","templated":true}]}}