{"id":26235,"date":"2023-05-01T15:01:19","date_gmt":"2023-05-01T21:01:19","guid":{"rendered":"https:\/\/elconspirador.com.mx\/?p=26235"},"modified":"2023-05-01T15:01:19","modified_gmt":"2023-05-01T21:01:19","slug":"en-riesgo-ciencia-y-tecnologia","status":"publish","type":"post","link":"https:\/\/elconspirador.com.mx\/?p=26235","title":{"rendered":"EN RIESGO CIENCIA Y TECNOLOG\u00cdA"},"content":{"rendered":"<p>*Ciencia y tecnolog\u00eda est\u00e1n en riesgo: UAQ, tras aprobaci\u00f3n en &#8216;fast track&#8217; de ley de ciencia*<\/p>\n<p>La ciencia y la tecnolog\u00eda est\u00e1n riesgo, subray\u00f3 Teresa Garc\u00eda Gasca, rectora de la Universidad Aut\u00f3noma de Quer\u00e9taro (UAQ), esto luego de la aprobaci\u00f3n en &#8216;fast track&#8217; de la nueva Ley general de Humanidades, Ciencias, Tecnolog\u00edas e Innovaci\u00f3n en el Senado de la Rep\u00fablica.<\/p>\n<p>Garc\u00eda Gasca lament\u00f3 que el Senado de la Rep\u00fablica diera un albazo a dicha ley e insisti\u00f3 en que como acad\u00e9micos e investigadores no se oponen a una nueva ley, pues consider\u00f3 que es necesaria; sin embargo, enfatiz\u00f3 que debieron escucharse todas las voces.<\/p>\n<p>&#8220;Esta ley adolece y tiene grandes deficiencias que est\u00e1n poniendo en riesgo, justamente, a la investigaci\u00f3n, a la ciencia en M\u00e9xico y es por ello que necesitamos, nuevamente, lo que hemos estado pidiendo desde hace mucho tiempo, abrir el di\u00e1logo, necesit\u00e1bamos discutir esa ley, necesit\u00e1bamos que se nos escuchara a las diferentes voces. Conacyt no nos est\u00e1 dando apertura en t\u00e9rminos generales, porque de inmediato consideran que es un grupo opositor, en esta din\u00e1mica de pensar que &#8216;o est\u00e1s conmigo, o est\u00e1s en contra&#8217; y no es as\u00ed&#8221;, puntualiz\u00f3.<\/p>\n<p>La rectora reiter\u00f3 que la ley aprobada, en la que insisti\u00f3 que no fueron escuchadas las voces de la academia e investigadores, es centralista debido a que las decisiones est\u00e1n centradas \u00fanicamente en el sector gubernamental, dado que se considera la creaci\u00f3n de un consejo nacional conformado por la directora o director y las 13 secretar\u00edas de estado, en las que se incluy\u00f3 al Instituto Nacional de Pueblos Ind\u00edgenas con voz y voto, y a la Comisi\u00f3n Nacional de Derechos Humanos (CNDH) con voz \u00fanicamente.<\/p>\n<p>&#8220;No est\u00e1n incluidas dentro de este consejo, o dentro de esta Junta de Gobierno, no est\u00e1n incluidas las universidades de los centros p\u00fablicos, la representaci\u00f3n de ANUIES, no hay ninguna representatividad del sector acad\u00e9mico en particular. Este es uno de los primeros grandes problemas, que nosotros estamos viendo porque es una ley que est\u00e1 excluyendo al sector acad\u00e9mico&#8221;, a\u00f1adi\u00f3.<\/p>\n<p>Reiter\u00f3 que fue eliminada la meta de asignar a ciencia y tecnolog\u00eda el 1% del Producto Interno Bruto (PIB), se desconoce la participaci\u00f3n institucional en el desarrollo de proyectos debido a que la propiedad intelectual de las investigaciones se atribuye al Conacyt, adem\u00e1s de que es discriminatoria con las universidades particulares y transgrede la autonom\u00eda de los centros de investigaci\u00f3n.<\/p>\n<p>&#8220;El Senado la toma, pero sin an\u00e1lisis; se inicia un proceso en el que se pretende aprobar la ley, primero aprobar en comisiones, no se logra qu\u00f3rum en comisiones, y m\u00e1s tarde en la noche ya de forma a lo mejor legal, pero no leg\u00edtima, sesiona el Senado de forma alterna, previamente tuvieron reuni\u00f3n con el presidente de la Rep\u00fablica y ah\u00ed se les pidi\u00f3 que siguieran la l\u00ednea, se incluyen de \u00faltimo momento integrantes a las comisiones, entre ellas ciencia y tecnolog\u00eda derivado de que no ten\u00edan qu\u00f3rum, y se hace una sesi\u00f3n fast track y se hace una aprobaci\u00f3n, efectivamente, fast track&#8221;, enfatiz\u00f3.<\/p>\n<p>Garc\u00eda Gasca coment\u00f3 que, pese a la sesi\u00f3n que se realiz\u00f3 para tratar de aprobar \u00e9sta y otras reformas legales, Morena emiti\u00f3 40 votos a favor, 10 votos en contra y cuatro abstenciones; el PT tres a favor y dos en contra; PES tres a favor y el Verde Ecologista dos a favor y dos abstenciones, lo que dio un total de 48 votos a favor, 12 en contra y seis abstenciones, as\u00ed como la inasistencia de 62 legisladores de la oposici\u00f3n.<\/p>\n<p>&#8220;Hay actualmente mucha confusi\u00f3n con respecto a la cuenta, hay muchos n\u00fameros rondando, justamente por como se dieron las cosas, que no fue una sesi\u00f3n convencional y bueno, pues en este sentido, hay efectivamente muchas inconformidades, entre ellas los partidos de oposici\u00f3n que hablan justamente de impugnar el proceso por las irregularidades y las universidades o las y los investigadores que est\u00e1n pensando en ampararse en contra de \u00e9sta situaci\u00f3n&#8221;, asever\u00f3.<\/p>\n","protected":false},"excerpt":{"rendered":"<p>*Ciencia y tecnolog\u00eda est\u00e1n en riesgo: UAQ, tras aprobaci\u00f3n en &#8216;fast track&#8217; de ley de ciencia* La ciencia y la tecnolog\u00eda est\u00e1n riesgo, subray\u00f3 Teresa Garc\u00eda Gasca, rectora de la Universidad Aut\u00f3noma de Quer\u00e9taro (UAQ), esto luego de la aprobaci\u00f3n en &#8216;fast track&#8217; de la nueva Ley general de Humanidades, Ciencias, Tecnolog\u00edas e Innovaci\u00f3n en el Senado de la Rep\u00fablica.<\/p>\n<div class=\"h10\"><\/div>\n<p><a class=\"more-link2 flat\" href=\"https:\/\/elconspirador.com.mx\/?p=26235\">Leer m\u00e1s<\/a><\/p>\n","protected":false},"author":1,"featured_media":26236,"comment_status":"open","ping_status":"open","sticky":false,"template":"","format":"standard","meta":{"om_disable_all_campaigns":false,"_uf_show_specific_survey":0,"_uf_disable_surveys":false},"categories":[1],"tags":[],"aioseo_notices":[],"_links":{"self":[{"href":"https:\/\/elconspirador.com.mx\/index.php?rest_route=\/wp\/v2\/posts\/26235"}],"collection":[{"href":"https:\/\/elconspirador.com.mx\/index.php?rest_route=\/wp\/v2\/posts"}],"about":[{"href":"https:\/\/elconspirador.com.mx\/index.php?rest_route=\/wp\/v2\/types\/post"}],"author":[{"embeddable":true,"href":"https:\/\/elconspirador.com.mx\/index.php?rest_route=\/wp\/v2\/users\/1"}],"replies":[{"embeddable":true,"href":"https:\/\/elconspirador.com.mx\/index.php?rest_route=%2Fwp%2Fv2%2Fcomments&post=26235"}],"version-history":[{"count":1,"href":"https:\/\/elconspirador.com.mx\/index.php?rest_route=\/wp\/v2\/posts\/26235\/revisions"}],"predecessor-version":[{"id":26237,"href":"https:\/\/elconspirador.com.mx\/index.php?rest_route=\/wp\/v2\/posts\/26235\/revisions\/26237"}],"wp:featuredmedia":[{"embeddable":true,"href":"https:\/\/elconspirador.com.mx\/index.php?rest_route=\/wp\/v2\/media\/26236"}],"wp:attachment":[{"href":"https:\/\/elconspirador.com.mx\/index.php?rest_route=%2Fwp%2Fv2%2Fmedia&parent=26235"}],"wp:term":[{"taxonomy":"category","embeddable":true,"href":"https:\/\/elconspirador.com.mx\/index.php?rest_route=%2Fwp%2Fv2%2Fcategories&post=26235"},{"taxonomy":"post_tag","embeddable":true,"href":"https:\/\/elconspirador.com.mx\/index.php?rest_route=%2Fwp%2Fv2%2Ftags&post=26235"}],"curies":[{"name":"wp","href":"https:\/\/api.w.org\/{rel}","templated":true}]}}