{"id":26264,"date":"2023-05-02T06:25:25","date_gmt":"2023-05-02T12:25:25","guid":{"rendered":"https:\/\/elconspirador.com.mx\/?p=26264"},"modified":"2023-05-02T06:25:25","modified_gmt":"2023-05-02T12:25:25","slug":"ya-puedes-transitar-hoy-por-carriles-centrales-de-5-de-febrero","status":"publish","type":"post","link":"https:\/\/elconspirador.com.mx\/?p=26264","title":{"rendered":"YA PUEDES TRANSITAR HOY POR CARRILES CENTRALES DE 5 DE FEBRERO"},"content":{"rendered":"<p>La Secretar\u00eda de Desarrollo Urbano y Obras P\u00fablicas (SDUOP) habilit\u00f3 la tarde de este lunes la circulaci\u00f3n en carriles centrales de Paseo 5 de Febrero, a la altura del antiguo Hospital General, con direcci\u00f3n a la Ciudad de M\u00e9xico y Av. Constituyentes.<\/p>\n<p>&nbsp;<\/p>\n<p>De esta manera, los usuarios pueden transitar por el paso inferior, lo que ayudar\u00e1 a disminuir la carga vehicular en la zona y permitir\u00e1 continuar con los trabajos en carriles laterales. El tramo habilitado por la SDUOP cuenta con 750 metros de longitud y conecta con el viaducto Constituyentes y la Carretera 57, en el sentido que va hacia la Ciudad de M\u00e9xico.<\/p>\n","protected":false},"excerpt":{"rendered":"<p>La Secretar\u00eda de Desarrollo Urbano y Obras P\u00fablicas (SDUOP) habilit\u00f3 la tarde de este lunes la circulaci\u00f3n en carriles centrales de Paseo 5 de Febrero, a la altura del antiguo Hospital General, con direcci\u00f3n a la Ciudad de M\u00e9xico y Av. Constituyentes. &nbsp; De esta manera, los usuarios pueden transitar por el paso inferior, lo que ayudar\u00e1 a disminuir la<\/p>\n<div class=\"h10\"><\/div>\n<p><a class=\"more-link2 flat\" href=\"https:\/\/elconspirador.com.mx\/?p=26264\">Leer m\u00e1s<\/a><\/p>\n","protected":false},"author":1,"featured_media":26265,"comment_status":"open","ping_status":"open","sticky":false,"template":"","format":"standard","meta":{"om_disable_all_campaigns":false,"_uf_show_specific_survey":0,"_uf_disable_surveys":false},"categories":[1],"tags":[],"aioseo_notices":[],"_links":{"self":[{"href":"https:\/\/elconspirador.com.mx\/index.php?rest_route=\/wp\/v2\/posts\/26264"}],"collection":[{"href":"https:\/\/elconspirador.com.mx\/index.php?rest_route=\/wp\/v2\/posts"}],"about":[{"href":"https:\/\/elconspirador.com.mx\/index.php?rest_route=\/wp\/v2\/types\/post"}],"author":[{"embeddable":true,"href":"https:\/\/elconspirador.com.mx\/index.php?rest_route=\/wp\/v2\/users\/1"}],"replies":[{"embeddable":true,"href":"https:\/\/elconspirador.com.mx\/index.php?rest_route=%2Fwp%2Fv2%2Fcomments&post=26264"}],"version-history":[{"count":1,"href":"https:\/\/elconspirador.com.mx\/index.php?rest_route=\/wp\/v2\/posts\/26264\/revisions"}],"predecessor-version":[{"id":26266,"href":"https:\/\/elconspirador.com.mx\/index.php?rest_route=\/wp\/v2\/posts\/26264\/revisions\/26266"}],"wp:featuredmedia":[{"embeddable":true,"href":"https:\/\/elconspirador.com.mx\/index.php?rest_route=\/wp\/v2\/media\/26265"}],"wp:attachment":[{"href":"https:\/\/elconspirador.com.mx\/index.php?rest_route=%2Fwp%2Fv2%2Fmedia&parent=26264"}],"wp:term":[{"taxonomy":"category","embeddable":true,"href":"https:\/\/elconspirador.com.mx\/index.php?rest_route=%2Fwp%2Fv2%2Fcategories&post=26264"},{"taxonomy":"post_tag","embeddable":true,"href":"https:\/\/elconspirador.com.mx\/index.php?rest_route=%2Fwp%2Fv2%2Ftags&post=26264"}],"curies":[{"name":"wp","href":"https:\/\/api.w.org\/{rel}","templated":true}]}}