{"id":26270,"date":"2023-05-02T07:32:04","date_gmt":"2023-05-02T13:32:04","guid":{"rendered":"https:\/\/elconspirador.com.mx\/?p=26270"},"modified":"2023-05-02T07:32:04","modified_gmt":"2023-05-02T13:32:04","slug":"covid-no-deja-al-estado-de-queretaro","status":"publish","type":"post","link":"https:\/\/elconspirador.com.mx\/?p=26270","title":{"rendered":"COVID NO DEJA AL ESTADO DE QUER\u00c9TARO"},"content":{"rendered":"<p>Tras una actualizaci\u00f3n de datos en la plataforma SISVER -Sistema de Vigilancia Epidemiol\u00f3gico de Enfermedades Respiratorias-, la Secretar\u00eda de Salud en el estado, report\u00f3 que en Quer\u00e9taro, una mujer de 50 y dos hombres de 60 y 97 a\u00f1os, con otras comorbilidades, que se encontraban hospitalizados fallecieron a causa de COVID-19.<\/p>\n<p>&nbsp;<\/p>\n<p>En el estado en los \u00faltimos siete d\u00edas se han sumado 300 casos de la enfermedad, se trata de 182 mujeres y 118 hombres. \u00a0El registro acumulado es de 191 mil 363 casos; 54% son mujeres y 46% son hombres.<\/p>\n<p>&nbsp;<\/p>\n<p>Se dio de alta sanitaria a 258 pacientes, con lo que se tiene un registro de 184 mil 266 altas (96.29%).<\/p>\n<p>&nbsp;<\/p>\n<p>Con sintomatolog\u00eda leve, aislamiento y manejo en su domicilio hay 119 pacientes y un paciente hospitalizado. Se han registrado seis mil 977 defunciones.<\/p>\n<p>&nbsp;<\/p>\n<p>Con relaci\u00f3n a la disponibilidad de camas de hospitalizaci\u00f3n general y con ventilador, con informaci\u00f3n del 28 de abril, se tiene una ocupaci\u00f3n de cuatro por ciento, con base en la Red Negativa de Infecciones Respiratorias Agudas (IRAG).<\/p>\n<p>&nbsp;<\/p>\n<p>En Quer\u00e9taro se registra cero por ciento de ocupaci\u00f3n de camas con ventilador y seis por ciento en camas sin ventilador.<\/p>\n<p>&nbsp;<\/p>\n<p>Se exhorta a la poblaci\u00f3n a no automedicarse y, para prevenir la transmisi\u00f3n, lavarse las manos de manera frecuente con agua y jab\u00f3n o utilizar soluciones alcoholadas a 70%.<\/p>\n<p>&nbsp;<\/p>\n<p>Toda persona con sintomatolog\u00eda respiratoria aguda deber\u00e1 mantenerse aislada o en su defecto, usar cubreboca, y comunicarse al <em>call center<\/em>\u00a0estatal <a href=\"tel:4421015205\">4421015205<\/a>, para recibir orientaci\u00f3n m\u00e9dica.<\/p>\n<p>&nbsp;<\/p>\n<p>Para m\u00e1s informaci\u00f3n sobre COVID-19 consulta los micrositios:\u00a0<a href=\"http:\/\/www.coronavirus.gob.mx\/\">coronavirus.gob.m<\/a>x\u00a0y covid19.queretaro.gob.mx<\/p>\n","protected":false},"excerpt":{"rendered":"<p>Tras una actualizaci\u00f3n de datos en la plataforma SISVER -Sistema de Vigilancia Epidemiol\u00f3gico de Enfermedades Respiratorias-, la Secretar\u00eda de Salud en el estado, report\u00f3 que en Quer\u00e9taro, una mujer de 50 y dos hombres de 60 y 97 a\u00f1os, con otras comorbilidades, que se encontraban hospitalizados fallecieron a causa de COVID-19. &nbsp; En el estado en los \u00faltimos siete d\u00edas<\/p>\n<div class=\"h10\"><\/div>\n<p><a class=\"more-link2 flat\" href=\"https:\/\/elconspirador.com.mx\/?p=26270\">Leer m\u00e1s<\/a><\/p>\n","protected":false},"author":1,"featured_media":26271,"comment_status":"open","ping_status":"open","sticky":false,"template":"","format":"standard","meta":{"om_disable_all_campaigns":false,"_uf_show_specific_survey":0,"_uf_disable_surveys":false},"categories":[1],"tags":[],"aioseo_notices":[],"_links":{"self":[{"href":"https:\/\/elconspirador.com.mx\/index.php?rest_route=\/wp\/v2\/posts\/26270"}],"collection":[{"href":"https:\/\/elconspirador.com.mx\/index.php?rest_route=\/wp\/v2\/posts"}],"about":[{"href":"https:\/\/elconspirador.com.mx\/index.php?rest_route=\/wp\/v2\/types\/post"}],"author":[{"embeddable":true,"href":"https:\/\/elconspirador.com.mx\/index.php?rest_route=\/wp\/v2\/users\/1"}],"replies":[{"embeddable":true,"href":"https:\/\/elconspirador.com.mx\/index.php?rest_route=%2Fwp%2Fv2%2Fcomments&post=26270"}],"version-history":[{"count":1,"href":"https:\/\/elconspirador.com.mx\/index.php?rest_route=\/wp\/v2\/posts\/26270\/revisions"}],"predecessor-version":[{"id":26272,"href":"https:\/\/elconspirador.com.mx\/index.php?rest_route=\/wp\/v2\/posts\/26270\/revisions\/26272"}],"wp:featuredmedia":[{"embeddable":true,"href":"https:\/\/elconspirador.com.mx\/index.php?rest_route=\/wp\/v2\/media\/26271"}],"wp:attachment":[{"href":"https:\/\/elconspirador.com.mx\/index.php?rest_route=%2Fwp%2Fv2%2Fmedia&parent=26270"}],"wp:term":[{"taxonomy":"category","embeddable":true,"href":"https:\/\/elconspirador.com.mx\/index.php?rest_route=%2Fwp%2Fv2%2Fcategories&post=26270"},{"taxonomy":"post_tag","embeddable":true,"href":"https:\/\/elconspirador.com.mx\/index.php?rest_route=%2Fwp%2Fv2%2Ftags&post=26270"}],"curies":[{"name":"wp","href":"https:\/\/api.w.org\/{rel}","templated":true}]}}