{"id":26276,"date":"2023-05-02T07:56:01","date_gmt":"2023-05-02T13:56:01","guid":{"rendered":"https:\/\/elconspirador.com.mx\/?p=26276"},"modified":"2023-05-02T07:56:01","modified_gmt":"2023-05-02T13:56:01","slug":"estancia-infantil-uaq-cumple-9-anos","status":"publish","type":"post","link":"https:\/\/elconspirador.com.mx\/?p=26276","title":{"rendered":"ESTANCIA INFANTIL UAQ CUMPLE 9 A\u00d1OS"},"content":{"rendered":"<p>La Estancia Infantil de la Universidad Aut\u00f3noma de Quer\u00e9taro (UAQ), \u201cBienestar UAQ\u201d, celebr\u00f3 su 9\u00ba Aniversario. El festejo se llev\u00f3 a cabo en el estadio de futbol de la Facultad de Ingenier\u00eda, en donde se realizaron actividades l\u00fadicas y recreativas que promovieron la interacci\u00f3n entre los infantes y los padres de familia (comunidad universitaria) beneficiarios del servicio.<\/p>\n<p>&nbsp;<\/p>\n<p>La Guarder\u00eda brinda atenci\u00f3n integral de calidad y excelencia a trav\u00e9s de una intervenci\u00f3n multidisciplinaria. Es atendida por profesionistas egresadas de las diferentes Licenciaturas de la Universidad, por lo que, cuenta con nutri\u00f3loga, enfermera, doctora, fisioterapeuta y maestras del \u00e1rea de la Psicolog\u00eda Educativa; as\u00ed como cocineras.<\/p>\n<p>&nbsp;<\/p>\n<p>Al respecto, la Lic. Ver\u00f3nica N\u00fa\u00f1ez Perusqu\u00eda, directora de Atenci\u00f3n a la Comunidad Universitaria UAQ, reconoci\u00f3 al personal de la Estancia por el trabajo efectuado durante estos a\u00f1os; al mismo tiempo de que agradeci\u00f3 a los padres de familia por confiar en la Universidad en el cuidado de sus peque\u00f1os.<\/p>\n<p>&nbsp;<\/p>\n<p>\u201cGracias por dejarnos estar con ustedes, por permitirnos, a trav\u00e9s de la Estancia, llevar trabajos y actividades de aprendizaje. Son nueve a\u00f1os, en donde incluso, ya hay generaci\u00f3n que se encuentran en primaria o que van a pasar a secundaria, pero eso se logra gracias al trabajo en equipo, en familia y lo m\u00e1s importante con cari\u00f1o, que es lo que distingue a la Estancia\u201d, destac\u00f3.<\/p>\n<p>&nbsp;<\/p>\n<p>Al hacer uso de la voz, el Lic. Sergio Sanabria Col\u00f3n, coordinador de \u201cBienestar UAQ\u201d, se congratul\u00f3 por la realizaci\u00f3n de dicha actividad de convivencia, reconociendo el apoyo brindado por parte de las autoridades al proyecto desde hace nueve a\u00f1os.<\/p>\n<p>&nbsp;<\/p>\n<p>\u201cAgradecer a la Universidad por la confianza que ha depositado en nosotros para que esto siga adelante, esperemos que sean muchos a\u00f1os m\u00e1s. Estamos muy contentos de tener una familia como ustedes, la Estancia Infantil siempre estar\u00e1 abierta, incluso para los ni\u00f1os que ya salieron. Sigan divirti\u00e9ndose y no olviden nunca ser ni\u00f1os, porque eso hace que sus hijos sigan aprendiendo\u201d, se\u00f1al\u00f3.<\/p>\n<p>&nbsp;<\/p>\n<p>De igual forma, resalt\u00f3 el trabajo que hacen las maestras en la formaci\u00f3n de los peque\u00f1os, una labor que se ve reflejada en el desarrollo de los ni\u00f1os, quienes diariamente, dijo, aprenden cosas nuevas.<\/p>\n<p>&nbsp;<\/p>\n<p>Las actividades que se llevaron a cabo durante el festejo estuvieron encaminadas a que los padres de familia conocieran el avance que han tenido sus hijos en diferentes rubros al ser ni\u00f1os que se encuentran pleno desarrollo (de uno a cuatro a\u00f1os de edad).<\/p>\n","protected":false},"excerpt":{"rendered":"<p>La Estancia Infantil de la Universidad Aut\u00f3noma de Quer\u00e9taro (UAQ), \u201cBienestar UAQ\u201d, celebr\u00f3 su 9\u00ba Aniversario. El festejo se llev\u00f3 a cabo en el estadio de futbol de la Facultad de Ingenier\u00eda, en donde se realizaron actividades l\u00fadicas y recreativas que promovieron la interacci\u00f3n entre los infantes y los padres de familia (comunidad universitaria) beneficiarios del servicio. &nbsp; La Guarder\u00eda<\/p>\n<div class=\"h10\"><\/div>\n<p><a class=\"more-link2 flat\" href=\"https:\/\/elconspirador.com.mx\/?p=26276\">Leer m\u00e1s<\/a><\/p>\n","protected":false},"author":1,"featured_media":26277,"comment_status":"open","ping_status":"open","sticky":false,"template":"","format":"standard","meta":{"om_disable_all_campaigns":false,"_uf_show_specific_survey":0,"_uf_disable_surveys":false},"categories":[1],"tags":[],"aioseo_notices":[],"_links":{"self":[{"href":"https:\/\/elconspirador.com.mx\/index.php?rest_route=\/wp\/v2\/posts\/26276"}],"collection":[{"href":"https:\/\/elconspirador.com.mx\/index.php?rest_route=\/wp\/v2\/posts"}],"about":[{"href":"https:\/\/elconspirador.com.mx\/index.php?rest_route=\/wp\/v2\/types\/post"}],"author":[{"embeddable":true,"href":"https:\/\/elconspirador.com.mx\/index.php?rest_route=\/wp\/v2\/users\/1"}],"replies":[{"embeddable":true,"href":"https:\/\/elconspirador.com.mx\/index.php?rest_route=%2Fwp%2Fv2%2Fcomments&post=26276"}],"version-history":[{"count":1,"href":"https:\/\/elconspirador.com.mx\/index.php?rest_route=\/wp\/v2\/posts\/26276\/revisions"}],"predecessor-version":[{"id":26278,"href":"https:\/\/elconspirador.com.mx\/index.php?rest_route=\/wp\/v2\/posts\/26276\/revisions\/26278"}],"wp:featuredmedia":[{"embeddable":true,"href":"https:\/\/elconspirador.com.mx\/index.php?rest_route=\/wp\/v2\/media\/26277"}],"wp:attachment":[{"href":"https:\/\/elconspirador.com.mx\/index.php?rest_route=%2Fwp%2Fv2%2Fmedia&parent=26276"}],"wp:term":[{"taxonomy":"category","embeddable":true,"href":"https:\/\/elconspirador.com.mx\/index.php?rest_route=%2Fwp%2Fv2%2Fcategories&post=26276"},{"taxonomy":"post_tag","embeddable":true,"href":"https:\/\/elconspirador.com.mx\/index.php?rest_route=%2Fwp%2Fv2%2Ftags&post=26276"}],"curies":[{"name":"wp","href":"https:\/\/api.w.org\/{rel}","templated":true}]}}