{"id":26288,"date":"2023-05-02T19:59:56","date_gmt":"2023-05-03T01:59:56","guid":{"rendered":"https:\/\/elconspirador.com.mx\/?p=26288"},"modified":"2023-05-02T19:59:56","modified_gmt":"2023-05-03T01:59:56","slug":"escuelas-pueden-definir-si-continuar-clases-a-distancia-usebeq","status":"publish","type":"post","link":"https:\/\/elconspirador.com.mx\/?p=26288","title":{"rendered":"ESCUELAS PUEDEN DEFINIR SI CONTINUAR CLASES A DISTANCIA: USEBEQ"},"content":{"rendered":"<p>Las 49 escuelas de educaci\u00f3n b\u00e1sica que se encuentran alrededor de la obra de 5 de febrero decidir\u00e1n si concluyen el ciclo escolar a distancia o de forma presencial, se\u00f1al\u00f3 Ra\u00fal Iturralde Olvera, director de la Unidad de Servicios para la Educaci\u00f3n B\u00e1sica en el Estado de Quer\u00e9taro (Usebeq).<\/p>\n<p>En entrevista, record\u00f3 que este 2 de mayo regresaron a clases las 19 escuelas que se manten\u00edan con clases a distancia, del total de 49 que inicialmente se fueron a distancia.<\/p>\n<p>\u201cDe 49 escuelas que inicialmente se fueron a tomar clases a distancia cuando se cerr\u00f3 un carril de la obra de 5 de febrero, 30 ya hab\u00edan regresado a clases presenciales, es decir, faltaban 19 las cuales, a partir de hoy se incorporan a clases presenciales\u201d, dijo.<\/p>\n<p>Refiri\u00f3 que se ha dialogado con las escuelas en el sentido de que medir\u00e1n sus tiempos de traslados para tomar una decisi\u00f3n al respecto; a\u00f1adi\u00f3 que este martes regresaron alrededor de 12 mil alumnos.<\/p>\n<p>\u201cSolamente que ellos lo decidan, de las 49 escuelas que estuvieron tomando clases a distancia, quedamos que ellas van a seguir midiendo sus tiempos de traslado y van a seguir informando\u201d, coment\u00f3.<\/p>\n","protected":false},"excerpt":{"rendered":"<p>Las 49 escuelas de educaci\u00f3n b\u00e1sica que se encuentran alrededor de la obra de 5 de febrero decidir\u00e1n si concluyen el ciclo escolar a distancia o de forma presencial, se\u00f1al\u00f3 Ra\u00fal Iturralde Olvera, director de la Unidad de Servicios para la Educaci\u00f3n B\u00e1sica en el Estado de Quer\u00e9taro (Usebeq). En entrevista, record\u00f3 que este 2 de mayo regresaron a clases<\/p>\n<div class=\"h10\"><\/div>\n<p><a class=\"more-link2 flat\" href=\"https:\/\/elconspirador.com.mx\/?p=26288\">Leer m\u00e1s<\/a><\/p>\n","protected":false},"author":1,"featured_media":26289,"comment_status":"open","ping_status":"open","sticky":false,"template":"","format":"standard","meta":{"om_disable_all_campaigns":false,"_uf_show_specific_survey":0,"_uf_disable_surveys":false},"categories":[1],"tags":[],"aioseo_notices":[],"_links":{"self":[{"href":"https:\/\/elconspirador.com.mx\/index.php?rest_route=\/wp\/v2\/posts\/26288"}],"collection":[{"href":"https:\/\/elconspirador.com.mx\/index.php?rest_route=\/wp\/v2\/posts"}],"about":[{"href":"https:\/\/elconspirador.com.mx\/index.php?rest_route=\/wp\/v2\/types\/post"}],"author":[{"embeddable":true,"href":"https:\/\/elconspirador.com.mx\/index.php?rest_route=\/wp\/v2\/users\/1"}],"replies":[{"embeddable":true,"href":"https:\/\/elconspirador.com.mx\/index.php?rest_route=%2Fwp%2Fv2%2Fcomments&post=26288"}],"version-history":[{"count":1,"href":"https:\/\/elconspirador.com.mx\/index.php?rest_route=\/wp\/v2\/posts\/26288\/revisions"}],"predecessor-version":[{"id":26290,"href":"https:\/\/elconspirador.com.mx\/index.php?rest_route=\/wp\/v2\/posts\/26288\/revisions\/26290"}],"wp:featuredmedia":[{"embeddable":true,"href":"https:\/\/elconspirador.com.mx\/index.php?rest_route=\/wp\/v2\/media\/26289"}],"wp:attachment":[{"href":"https:\/\/elconspirador.com.mx\/index.php?rest_route=%2Fwp%2Fv2%2Fmedia&parent=26288"}],"wp:term":[{"taxonomy":"category","embeddable":true,"href":"https:\/\/elconspirador.com.mx\/index.php?rest_route=%2Fwp%2Fv2%2Fcategories&post=26288"},{"taxonomy":"post_tag","embeddable":true,"href":"https:\/\/elconspirador.com.mx\/index.php?rest_route=%2Fwp%2Fv2%2Ftags&post=26288"}],"curies":[{"name":"wp","href":"https:\/\/api.w.org\/{rel}","templated":true}]}}