{"id":26307,"date":"2023-05-02T20:46:20","date_gmt":"2023-05-03T02:46:20","guid":{"rendered":"https:\/\/elconspirador.com.mx\/?p=26307"},"modified":"2023-05-02T20:46:20","modified_gmt":"2023-05-03T02:46:20","slug":"queretaro-no-sera-parte-del-imss-bienestar-kuri","status":"publish","type":"post","link":"https:\/\/elconspirador.com.mx\/?p=26307","title":{"rendered":"QUER\u00c9TARO NO SER\u00c1 PARTE DEL IMSS BIENESTAR: KURI"},"content":{"rendered":"<p>El gobernador del estado, Mauricio Kuri Gonz\u00e1lez, asegur\u00f3 que Quer\u00e9taro no se va a adherir al IMSS Bienestar, al menos por el momento.<\/p>\n<p>Precis\u00f3 que la decisi\u00f3n se tomar\u00e1 tras una evaluaci\u00f3n de c\u00f3mo le va a otros estados de la Rep\u00fablica ya adheridos al programa de salud.<\/p>\n<p>&#8220;Primero quiero ver c\u00f3mo funciona en otros estados y apartir de ah\u00ed tomar la decisi\u00f3n, si es mejor para los queretanos y tienen la posibilidad de un mejor servicio&#8221;.<\/p>\n<p>A decir del mandatario, la decisi\u00f3n de no adherirse es para garantizar la salud de los queretanos ante un sistema a\u00fan sin consolidarse.<\/p>\n<p>&#8220;Si tienen la posibilidad de dar un buen servicio, en este momento nada me lo garantiza. Yo en este momento lo que estoy haciendo es no echarle la culpa a nadie&#8221;.<\/p>\n","protected":false},"excerpt":{"rendered":"<p>El gobernador del estado, Mauricio Kuri Gonz\u00e1lez, asegur\u00f3 que Quer\u00e9taro no se va a adherir al IMSS Bienestar, al menos por el momento. Precis\u00f3 que la decisi\u00f3n se tomar\u00e1 tras una evaluaci\u00f3n de c\u00f3mo le va a otros estados de la Rep\u00fablica ya adheridos al programa de salud. &#8220;Primero quiero ver c\u00f3mo funciona en otros estados y apartir de ah\u00ed<\/p>\n<div class=\"h10\"><\/div>\n<p><a class=\"more-link2 flat\" href=\"https:\/\/elconspirador.com.mx\/?p=26307\">Leer m\u00e1s<\/a><\/p>\n","protected":false},"author":1,"featured_media":26308,"comment_status":"open","ping_status":"open","sticky":false,"template":"","format":"standard","meta":{"om_disable_all_campaigns":false,"_uf_show_specific_survey":0,"_uf_disable_surveys":false},"categories":[1],"tags":[],"aioseo_notices":[],"_links":{"self":[{"href":"https:\/\/elconspirador.com.mx\/index.php?rest_route=\/wp\/v2\/posts\/26307"}],"collection":[{"href":"https:\/\/elconspirador.com.mx\/index.php?rest_route=\/wp\/v2\/posts"}],"about":[{"href":"https:\/\/elconspirador.com.mx\/index.php?rest_route=\/wp\/v2\/types\/post"}],"author":[{"embeddable":true,"href":"https:\/\/elconspirador.com.mx\/index.php?rest_route=\/wp\/v2\/users\/1"}],"replies":[{"embeddable":true,"href":"https:\/\/elconspirador.com.mx\/index.php?rest_route=%2Fwp%2Fv2%2Fcomments&post=26307"}],"version-history":[{"count":1,"href":"https:\/\/elconspirador.com.mx\/index.php?rest_route=\/wp\/v2\/posts\/26307\/revisions"}],"predecessor-version":[{"id":26309,"href":"https:\/\/elconspirador.com.mx\/index.php?rest_route=\/wp\/v2\/posts\/26307\/revisions\/26309"}],"wp:featuredmedia":[{"embeddable":true,"href":"https:\/\/elconspirador.com.mx\/index.php?rest_route=\/wp\/v2\/media\/26308"}],"wp:attachment":[{"href":"https:\/\/elconspirador.com.mx\/index.php?rest_route=%2Fwp%2Fv2%2Fmedia&parent=26307"}],"wp:term":[{"taxonomy":"category","embeddable":true,"href":"https:\/\/elconspirador.com.mx\/index.php?rest_route=%2Fwp%2Fv2%2Fcategories&post=26307"},{"taxonomy":"post_tag","embeddable":true,"href":"https:\/\/elconspirador.com.mx\/index.php?rest_route=%2Fwp%2Fv2%2Ftags&post=26307"}],"curies":[{"name":"wp","href":"https:\/\/api.w.org\/{rel}","templated":true}]}}