{"id":26316,"date":"2023-05-02T22:15:02","date_gmt":"2023-05-03T04:15:02","guid":{"rendered":"https:\/\/elconspirador.com.mx\/?p=26316"},"modified":"2023-05-02T22:00:14","modified_gmt":"2023-05-03T04:00:14","slug":"mantiene-la-capital-su-compromiso-con-la-ninez","status":"publish","type":"post","link":"https:\/\/elconspirador.com.mx\/?p=26316","title":{"rendered":"MANTIENE LA CAPITAL SU COMPROMISO CON LA NI\u00d1EZ"},"content":{"rendered":"<p>En el marco de las celebraciones por el D\u00eda de la Ni\u00f1ez del pasado 30 de abril, el Presidente Municipal de Quer\u00e9taro, Luis Nava, reiter\u00f3 que por la calidad de vida de este sector y de todas las familias, hoy se apoya de manera directa a 11 mil 582 ni\u00f1as, ni\u00f1os y adolescentes a trav\u00e9s de los programas como M\u00e9dico Contigo, Transporte Escolar Gratuito y B\u00f6tsi; y de manera indirecta a otros cientos m\u00e1s beneficiarios junto con sus familias por programas sociales como Mejoramiento de Condominios o de Mejoramiento y Ampliaci\u00f3n de Vivienda.<\/p>\n<p>\u201cEn el Quer\u00e9taro que queremos estamos convencidos que invertir en la formaci\u00f3n y educaci\u00f3n de la ni\u00f1ez es apostarle a la construcci\u00f3n de un mejor futuro para todas y todos. Y esa inversi\u00f3n es ahora, porque es cuando m\u00e1s nos necesitan\u201d, se\u00f1al\u00f3.<\/p>\n<p>Con relaci\u00f3n a la atenci\u00f3n m\u00e9dica de ni\u00f1as, ni\u00f1os y adolescentes, Gabriela Valencia Garc\u00eda, Directora General del Sistema Municipal DIF, especific\u00f3 que desde el 2022 se han brindado 325 consultas del cuadro b\u00e1sico y a la fecha ya son 3 mil 168 ni\u00f1as y ni\u00f1os que conforman el padr\u00f3n de beneficiarios de aparatos funcionales, entre ellos, mil 001 que recibieron lentes, 16 que fueron apoyados con aparatos auditivos y dos con gluc\u00f3metros.<\/p>\n<p>En lo que refiere a las estancias infantiles o ludotecas B\u00f6tsi, Valencia Garc\u00eda indic\u00f3 que atienden a 143 menores con servicios de atenci\u00f3n, cuidado, alimentaci\u00f3n y desarrollo integral para hijas e hijos de padres, madres o tutores trabajadores.<\/p>\n<p>En su intervenci\u00f3n, Arturo Torres Guti\u00e9rrez, Secretario de Desarrollo Humano y Social, record\u00f3 que en favor de una educaci\u00f3n oportuna para la infancia en la capital, se implement\u00f3 el programa Tu Beca, que beneficia a 2 mil 290 ni\u00f1as y ni\u00f1os del nivel secundaria, y gracias al nombramiento como ciudad del Aprendizaje por la UNESCO, se aplica el proyecto Aprende M\u00f3vil que lleva cursos de computaci\u00f3n b\u00e1sica y actividades de fomento a la lectura a la poblaci\u00f3n infantil en vulnerabilidad.<\/p>\n<p>En cultura del deporte, Torres Guti\u00e9rrez record\u00f3 que este 2023, a trav\u00e9s de las academias de Gallos Negros, se prev\u00e9 impactar positivamente a 600 ni\u00f1as y ni\u00f1os de la capital, mismos que se suman a las y los ni\u00f1os inscritos en las diferentes academias de futbol, b\u00e1squetbol y voleibol en las unidades deportivas.<\/p>\n<p>Rodrigo Vega Maestre, Secretario de Movilidad, indic\u00f3 que por medio del programa Transporte Escolar Gratuito, 5 mil 404 alumnas y alumnos de 101 primarias y 33 secundarias p\u00fablicas, llegan puntuales y seguros a sus escuelas, adem\u00e1s de generar un ahorro promedio de mil 200 pesos mensuales en pasajes a sus padres o tutores y contribuir en la reducci\u00f3n de veh\u00edculos en las calles.<\/p>\n<p>Finalmente, el Secretario de Movilidad a\u00f1adi\u00f3 que cinco primarias privadas y una escuela del nivel medio superior reciben apoyos de transporte escolar domiciliado; y con relaci\u00f3n al programa de educaci\u00f3n y cultura de la movilidad, precis\u00f3 que en 18 escuelas primarias y siete escuelas secundarias se han brindado cursos de capacitaci\u00f3n y actividades sobre movilidad a 4 mil 356 ni\u00f1as y ni\u00f1os.<\/p>\n<p>En este reporte de acciones, el Presidente Municipal y los Secretarios estuvieron acompa\u00f1ados por sus respectivas ni\u00f1as y ni\u00f1os Secretarios que participaron este d\u00eda en el programa de Ni\u00f1as y Ni\u00f1os en el Gobierno.<\/p>\n","protected":false},"excerpt":{"rendered":"<p>En el marco de las celebraciones por el D\u00eda de la Ni\u00f1ez del pasado 30 de abril, el Presidente Municipal de Quer\u00e9taro, Luis Nava, reiter\u00f3 que por la calidad de vida de este sector y de todas las familias, hoy se apoya de manera directa a 11 mil 582 ni\u00f1as, ni\u00f1os y adolescentes a trav\u00e9s de los programas como M\u00e9dico<\/p>\n<div class=\"h10\"><\/div>\n<p><a class=\"more-link2 flat\" href=\"https:\/\/elconspirador.com.mx\/?p=26316\">Leer m\u00e1s<\/a><\/p>\n","protected":false},"author":1,"featured_media":26319,"comment_status":"open","ping_status":"open","sticky":false,"template":"","format":"standard","meta":{"om_disable_all_campaigns":false,"_uf_show_specific_survey":0,"_uf_disable_surveys":false},"categories":[1],"tags":[],"aioseo_notices":[],"_links":{"self":[{"href":"https:\/\/elconspirador.com.mx\/index.php?rest_route=\/wp\/v2\/posts\/26316"}],"collection":[{"href":"https:\/\/elconspirador.com.mx\/index.php?rest_route=\/wp\/v2\/posts"}],"about":[{"href":"https:\/\/elconspirador.com.mx\/index.php?rest_route=\/wp\/v2\/types\/post"}],"author":[{"embeddable":true,"href":"https:\/\/elconspirador.com.mx\/index.php?rest_route=\/wp\/v2\/users\/1"}],"replies":[{"embeddable":true,"href":"https:\/\/elconspirador.com.mx\/index.php?rest_route=%2Fwp%2Fv2%2Fcomments&post=26316"}],"version-history":[{"count":1,"href":"https:\/\/elconspirador.com.mx\/index.php?rest_route=\/wp\/v2\/posts\/26316\/revisions"}],"predecessor-version":[{"id":26320,"href":"https:\/\/elconspirador.com.mx\/index.php?rest_route=\/wp\/v2\/posts\/26316\/revisions\/26320"}],"wp:featuredmedia":[{"embeddable":true,"href":"https:\/\/elconspirador.com.mx\/index.php?rest_route=\/wp\/v2\/media\/26319"}],"wp:attachment":[{"href":"https:\/\/elconspirador.com.mx\/index.php?rest_route=%2Fwp%2Fv2%2Fmedia&parent=26316"}],"wp:term":[{"taxonomy":"category","embeddable":true,"href":"https:\/\/elconspirador.com.mx\/index.php?rest_route=%2Fwp%2Fv2%2Fcategories&post=26316"},{"taxonomy":"post_tag","embeddable":true,"href":"https:\/\/elconspirador.com.mx\/index.php?rest_route=%2Fwp%2Fv2%2Ftags&post=26316"}],"curies":[{"name":"wp","href":"https:\/\/api.w.org\/{rel}","templated":true}]}}