{"id":26328,"date":"2023-05-02T16:10:09","date_gmt":"2023-05-02T22:10:09","guid":{"rendered":"https:\/\/elconspirador.com.mx\/?p=26328"},"modified":"2023-05-02T16:10:09","modified_gmt":"2023-05-02T22:10:09","slug":"regularizan-57-anexos-en-la-capital","status":"publish","type":"post","link":"https:\/\/elconspirador.com.mx\/?p=26328","title":{"rendered":"REGULARIZAN 57 \u201cANEXOS\u201d EN LA CAPITAL"},"content":{"rendered":"<p>De los 80 centros de rehabilitaci\u00f3n que se encuentran en la demarcaci\u00f3n, 57 recibir\u00e1n pr\u00f3ximamente su licencia de funcionamientos en la capital, inform\u00f3 Arturo Torres Guti\u00e9rrez, secretario de desarrollo humano y social del municipio de Quer\u00e9taro.<\/p>\n<p>Detall\u00f3 que esto forma parte del programa de regularizaci\u00f3n que se tiene previsto por parte del municipio y coment\u00f3 que el Consejo estatal contra las adicciones (CECA) tiene registrados como centros residenciales los 57 establecimientos que se regularizar\u00e1n.<\/p>\n<p>\u201cAlgo que queremos hacer es regular los centros de atenci\u00f3n, desafortunadamente no se contaba con la parte de una licencia de funcionamiento y con este ordenamiento que se va a hacer vamos a poder regularizarlos\u201d, indic\u00f3.<\/p>\n<p>Torres Guti\u00e9rrez agreg\u00f3 que hace dos semanas se tuvo una capacitaci\u00f3n con los centros de rehabilitaci\u00f3n para darles a conocer la normatividad y el tiempo que tienen para regularizarse.<\/p>\n<p>\u201cEs un acompa\u00f1amiento para que tengan los permisos necesarios de la autoridad municipal y estatal para poder trabajar de manera ordenada. A partir de que se aprob\u00f3 la iniciativa tendr\u00e1n que estar al 100 los centros, desde el uso de suelo hasta los vistos buenos de protecci\u00f3n civil y las dem\u00e1s dependencias\u201d, dijo.<\/p>\n","protected":false},"excerpt":{"rendered":"<p>De los 80 centros de rehabilitaci\u00f3n que se encuentran en la demarcaci\u00f3n, 57 recibir\u00e1n pr\u00f3ximamente su licencia de funcionamientos en la capital, inform\u00f3 Arturo Torres Guti\u00e9rrez, secretario de desarrollo humano y social del municipio de Quer\u00e9taro. Detall\u00f3 que esto forma parte del programa de regularizaci\u00f3n que se tiene previsto por parte del municipio y coment\u00f3 que el Consejo estatal contra<\/p>\n<div class=\"h10\"><\/div>\n<p><a class=\"more-link2 flat\" href=\"https:\/\/elconspirador.com.mx\/?p=26328\">Leer m\u00e1s<\/a><\/p>\n","protected":false},"author":1,"featured_media":26330,"comment_status":"open","ping_status":"open","sticky":false,"template":"","format":"standard","meta":{"om_disable_all_campaigns":false,"_uf_show_specific_survey":0,"_uf_disable_surveys":false},"categories":[1],"tags":[],"aioseo_notices":[],"_links":{"self":[{"href":"https:\/\/elconspirador.com.mx\/index.php?rest_route=\/wp\/v2\/posts\/26328"}],"collection":[{"href":"https:\/\/elconspirador.com.mx\/index.php?rest_route=\/wp\/v2\/posts"}],"about":[{"href":"https:\/\/elconspirador.com.mx\/index.php?rest_route=\/wp\/v2\/types\/post"}],"author":[{"embeddable":true,"href":"https:\/\/elconspirador.com.mx\/index.php?rest_route=\/wp\/v2\/users\/1"}],"replies":[{"embeddable":true,"href":"https:\/\/elconspirador.com.mx\/index.php?rest_route=%2Fwp%2Fv2%2Fcomments&post=26328"}],"version-history":[{"count":2,"href":"https:\/\/elconspirador.com.mx\/index.php?rest_route=\/wp\/v2\/posts\/26328\/revisions"}],"predecessor-version":[{"id":26331,"href":"https:\/\/elconspirador.com.mx\/index.php?rest_route=\/wp\/v2\/posts\/26328\/revisions\/26331"}],"wp:featuredmedia":[{"embeddable":true,"href":"https:\/\/elconspirador.com.mx\/index.php?rest_route=\/wp\/v2\/media\/26330"}],"wp:attachment":[{"href":"https:\/\/elconspirador.com.mx\/index.php?rest_route=%2Fwp%2Fv2%2Fmedia&parent=26328"}],"wp:term":[{"taxonomy":"category","embeddable":true,"href":"https:\/\/elconspirador.com.mx\/index.php?rest_route=%2Fwp%2Fv2%2Fcategories&post=26328"},{"taxonomy":"post_tag","embeddable":true,"href":"https:\/\/elconspirador.com.mx\/index.php?rest_route=%2Fwp%2Fv2%2Ftags&post=26328"}],"curies":[{"name":"wp","href":"https:\/\/api.w.org\/{rel}","templated":true}]}}