{"id":26337,"date":"2023-05-02T15:40:05","date_gmt":"2023-05-02T21:40:05","guid":{"rendered":"https:\/\/elconspirador.com.mx\/?p=26337"},"modified":"2023-05-02T15:40:05","modified_gmt":"2023-05-02T21:40:05","slug":"festival-de-ninos-en-corregidora-supera-expectativas","status":"publish","type":"post","link":"https:\/\/elconspirador.com.mx\/?p=26337","title":{"rendered":"FESTIVAL DE NI\u00d1OS EN CORREGIDORA SUPERA EXPECTATIVAS"},"content":{"rendered":"<p style=\"font-weight: 400;\">Del 28 al 30 de abril, 16,598 asistentes disfrutaron del Festival de la Alegr\u00eda, del Festival Corregidora Kids, de los espect\u00e1culos de Lucha Libre y de la Zona Arqueol\u00f3gica de \u201cEl Cerrito\u201d. Derivado de los festejos realizados con motivo del D\u00eda del Ni\u00f1o se alcanz\u00f3 una derrama econ\u00f3mica superior a los 4 millones 120 mil pesos.<\/p>\n<p style=\"font-weight: 400;\">\n<p style=\"font-weight: 400;\">De acuerdo con la proyecci\u00f3n considerada para dicha celebraci\u00f3n, la Secretar\u00eda de Desarrollo Econ\u00f3mico, encabezada por Esther Carboney Echave, contempl\u00f3 la asistencia de 10 mil personas y una derrama econ\u00f3mica de 3 millones de pesos, cifras que fueron superadas gracias a la respuesta de los habitantes de la demarcaci\u00f3n y de los visitantes al municipio.<\/p>\n<p style=\"font-weight: 400;\">\n<p style=\"font-weight: 400;\">Por lo que respecta al Festival de la Alegr\u00eda, realizado el 28 de abril y organizado por el Sistema Estatal para el Desarrollo Integral de la Familia (DIF), en coordinaci\u00f3n con el DIF Municipal, presidido por Karina Antu\u00f1ano Torres, se registr\u00f3 una afluencia de 4,500 asistentes a la Unidad Deportiva de El Pueblito.<\/p>\n<p style=\"font-weight: 400;\">\n<p style=\"font-weight: 400;\">En los espect\u00e1culos y actividades del Festival Corregidora Kids 2023, a cargo de la Secretar\u00eda de Desarrollo Econ\u00f3mico, con tem\u00e1tica medieval y realizados los d\u00edas 29 y 30 de abril, en la Plaza Gran Cu\u00e9, se divirtieron 8 mil personas.<\/p>\n<p style=\"font-weight: 400;\">\n<p style=\"font-weight: 400;\">Por lo que se refiere a los encuentros de Lucha Libre que organiz\u00f3 la Secretar\u00eda de Desarrollo Social, encabezada por Rafael Montoya Bola\u00f1os, alrededor de 3 mil personas disfrutaron de estos espect\u00e1culos que se llevaron a cabo del 28 al 30 de abril, en las colonias Santa B\u00e1rbara, La Negreta y Emiliano Zapata.<\/p>\n<p style=\"font-weight: 400;\">\n<p style=\"font-weight: 400;\">Aunado a lo anterior, en esos tres d\u00edas, en la Zona Arqueol\u00f3gica se registr\u00f3 una afluencia de 1,098 visitantes.<\/p>\n<p style=\"font-weight: 400;\">\n<p style=\"font-weight: 400;\">Gracias a la colaboraci\u00f3n y respuesta de la ciudadan\u00eda, las ni\u00f1as y los ni\u00f1os disfrutaron de los diferentes eventos y actividades, en un ambiente familiar y de sana convivencia, resguardado por personal de Protecci\u00f3n Civil, as\u00ed como por elementos de la Secretar\u00eda de Seguridad P\u00fablica Municipal.<\/p>\n","protected":false},"excerpt":{"rendered":"<p>Del 28 al 30 de abril, 16,598 asistentes disfrutaron del Festival de la Alegr\u00eda, del Festival Corregidora Kids, de los espect\u00e1culos de Lucha Libre y de la Zona Arqueol\u00f3gica de \u201cEl Cerrito\u201d. Derivado de los festejos realizados con motivo del D\u00eda del Ni\u00f1o se alcanz\u00f3 una derrama econ\u00f3mica superior a los 4 millones 120 mil pesos. De acuerdo con la<\/p>\n<div class=\"h10\"><\/div>\n<p><a class=\"more-link2 flat\" href=\"https:\/\/elconspirador.com.mx\/?p=26337\">Leer m\u00e1s<\/a><\/p>\n","protected":false},"author":1,"featured_media":26338,"comment_status":"open","ping_status":"open","sticky":false,"template":"","format":"standard","meta":{"om_disable_all_campaigns":false,"_uf_show_specific_survey":0,"_uf_disable_surveys":false},"categories":[1],"tags":[],"aioseo_notices":[],"_links":{"self":[{"href":"https:\/\/elconspirador.com.mx\/index.php?rest_route=\/wp\/v2\/posts\/26337"}],"collection":[{"href":"https:\/\/elconspirador.com.mx\/index.php?rest_route=\/wp\/v2\/posts"}],"about":[{"href":"https:\/\/elconspirador.com.mx\/index.php?rest_route=\/wp\/v2\/types\/post"}],"author":[{"embeddable":true,"href":"https:\/\/elconspirador.com.mx\/index.php?rest_route=\/wp\/v2\/users\/1"}],"replies":[{"embeddable":true,"href":"https:\/\/elconspirador.com.mx\/index.php?rest_route=%2Fwp%2Fv2%2Fcomments&post=26337"}],"version-history":[{"count":1,"href":"https:\/\/elconspirador.com.mx\/index.php?rest_route=\/wp\/v2\/posts\/26337\/revisions"}],"predecessor-version":[{"id":26339,"href":"https:\/\/elconspirador.com.mx\/index.php?rest_route=\/wp\/v2\/posts\/26337\/revisions\/26339"}],"wp:featuredmedia":[{"embeddable":true,"href":"https:\/\/elconspirador.com.mx\/index.php?rest_route=\/wp\/v2\/media\/26338"}],"wp:attachment":[{"href":"https:\/\/elconspirador.com.mx\/index.php?rest_route=%2Fwp%2Fv2%2Fmedia&parent=26337"}],"wp:term":[{"taxonomy":"category","embeddable":true,"href":"https:\/\/elconspirador.com.mx\/index.php?rest_route=%2Fwp%2Fv2%2Fcategories&post=26337"},{"taxonomy":"post_tag","embeddable":true,"href":"https:\/\/elconspirador.com.mx\/index.php?rest_route=%2Fwp%2Fv2%2Ftags&post=26337"}],"curies":[{"name":"wp","href":"https:\/\/api.w.org\/{rel}","templated":true}]}}