{"id":26368,"date":"2023-05-03T11:33:56","date_gmt":"2023-05-03T17:33:56","guid":{"rendered":"https:\/\/elconspirador.com.mx\/?p=26368"},"modified":"2023-05-03T11:33:56","modified_gmt":"2023-05-03T17:33:56","slug":"produccion-de-vacuna-patria-comenzara-entre-septiembre-y-diciembre","status":"publish","type":"post","link":"https:\/\/elconspirador.com.mx\/?p=26368","title":{"rendered":"PRODUCCI\u00d3N DE VACUNA PATRIA COMENZAR\u00c1 ENTRE SEPTIEMBRE Y DICIEMBRE"},"content":{"rendered":"<p data-reader-unique-id=\"1\"><span data-tbw-flag=\"true\" data-reader-unique-id=\"2\">La directora del Consejo Nacional de Ciencia y Tecnolog\u00eda (Conacyt), Mar\u00eda Elena \u00c1lvarez-Buylla, anunci\u00f3 que ya est\u00e1 lista la vacuna contra covid-19 &#8216;Patria&#8217; y que incluso, la producci\u00f3n de las primeras 4 millones de dosis comenzar\u00e1 entre septiembre y diciembre de este a\u00f1o.<\/span><\/p>\n<p data-reader-unique-id=\"5\"><span data-tbw-flag=\"true\" data-reader-unique-id=\"6\">En La Ma\u00f1anera desde Palacio Nacional,\u00a0<\/span><span data-tbw-flag=\"true\" data-reader-unique-id=\"7\">\u00c1lvarez-Buylla\u00a0<\/span><span data-tbw-flag=\"true\" data-reader-unique-id=\"8\">afirm\u00f3 que <strong data-reader-unique-id=\"9\">la vacuna cumple con los est\u00e1ndares sanitarios internacionales<\/strong> y cost\u00f3 88 por ciento menos que el resto de vacunas en el mundo.<\/span><\/p>\n<p data-reader-unique-id=\"5\"><span data-tbw-flag=\"true\" data-reader-unique-id=\"8\"><br \/>\n<\/span>\u200b<span data-tbw-flag=\"true\" data-reader-unique-id=\"23\">&#8220;Una excelente noticia, tenemos ya la vacuna patria como refuerzo con los datos de la fase final siendo exitosos, cumpliendo con los criterios establecidos de la OMS para vacunas de refuerzo, pero el ya contar con esta plataforma nos abre el camino de la recuperaci\u00f3n de la soberan\u00eda de vacunas que es tan importante, esto gracias a la conjunci\u00f3n de capacidades p\u00fablicas, universidades, el IMSS, la Cofepris, pero tambi\u00e9n en alianza con una empresa honesta, mexicana especializada en vacunas para el sector animal que ahora ha dedicado una inversi\u00f3n importante para producci\u00f3n de vacunas humanas&#8221;, expres\u00f3.<\/span><\/p>\n<p data-reader-unique-id=\"24\">De acuerdo a las cifras presentadas, para vacunas como Moderna y Pfizer se gastaron entre 16 mil y 19 mil millones de pesos, mientras que para la vacuna &#8216;Patria&#8217; la<strong data-reader-unique-id=\"25\">inversi\u00f3n fue de 973 millones<\/strong>.<\/p>\n<p data-reader-unique-id=\"26\">\u00c1lvarez-Buylla asegur\u00f3 que gracias a este trabajo, M\u00e9xico lograr\u00e1 recuperar la soberan\u00eda tecnol\u00f3gica y de producci\u00f3n de vacunas, pues se seguir\u00e1 trabajando con la empresa Avimex.<\/p>\n<p data-reader-unique-id=\"26\">&#8220;Tener la base no solo para esta vacuna de refuerzo ya probada sino para otras vacunas que nos permita tener las vacunas que se van a ir requiriendo, a tiempo, de todas maneras el tiempo de desarrollo fue muy bueno en comparaci\u00f3n con el promedio que se tarda, tenemos esta vacuna Patria y esta es una gran noticia para el pa\u00eds&#8221;, remarc\u00f3.<\/p>\n","protected":false},"excerpt":{"rendered":"<p>La directora del Consejo Nacional de Ciencia y Tecnolog\u00eda (Conacyt), Mar\u00eda Elena \u00c1lvarez-Buylla, anunci\u00f3 que ya est\u00e1 lista la vacuna contra covid-19 &#8216;Patria&#8217; y que incluso, la producci\u00f3n de las primeras 4 millones de dosis comenzar\u00e1 entre septiembre y diciembre de este a\u00f1o. En La Ma\u00f1anera desde Palacio Nacional,\u00a0\u00c1lvarez-Buylla\u00a0afirm\u00f3 que la vacuna cumple con los est\u00e1ndares sanitarios internacionales y cost\u00f3<\/p>\n<div class=\"h10\"><\/div>\n<p><a class=\"more-link2 flat\" href=\"https:\/\/elconspirador.com.mx\/?p=26368\">Leer m\u00e1s<\/a><\/p>\n","protected":false},"author":1,"featured_media":26369,"comment_status":"open","ping_status":"open","sticky":false,"template":"","format":"standard","meta":{"om_disable_all_campaigns":false,"_uf_show_specific_survey":0,"_uf_disable_surveys":false},"categories":[68],"tags":[],"aioseo_notices":[],"_links":{"self":[{"href":"https:\/\/elconspirador.com.mx\/index.php?rest_route=\/wp\/v2\/posts\/26368"}],"collection":[{"href":"https:\/\/elconspirador.com.mx\/index.php?rest_route=\/wp\/v2\/posts"}],"about":[{"href":"https:\/\/elconspirador.com.mx\/index.php?rest_route=\/wp\/v2\/types\/post"}],"author":[{"embeddable":true,"href":"https:\/\/elconspirador.com.mx\/index.php?rest_route=\/wp\/v2\/users\/1"}],"replies":[{"embeddable":true,"href":"https:\/\/elconspirador.com.mx\/index.php?rest_route=%2Fwp%2Fv2%2Fcomments&post=26368"}],"version-history":[{"count":1,"href":"https:\/\/elconspirador.com.mx\/index.php?rest_route=\/wp\/v2\/posts\/26368\/revisions"}],"predecessor-version":[{"id":26370,"href":"https:\/\/elconspirador.com.mx\/index.php?rest_route=\/wp\/v2\/posts\/26368\/revisions\/26370"}],"wp:featuredmedia":[{"embeddable":true,"href":"https:\/\/elconspirador.com.mx\/index.php?rest_route=\/wp\/v2\/media\/26369"}],"wp:attachment":[{"href":"https:\/\/elconspirador.com.mx\/index.php?rest_route=%2Fwp%2Fv2%2Fmedia&parent=26368"}],"wp:term":[{"taxonomy":"category","embeddable":true,"href":"https:\/\/elconspirador.com.mx\/index.php?rest_route=%2Fwp%2Fv2%2Fcategories&post=26368"},{"taxonomy":"post_tag","embeddable":true,"href":"https:\/\/elconspirador.com.mx\/index.php?rest_route=%2Fwp%2Fv2%2Ftags&post=26368"}],"curies":[{"name":"wp","href":"https:\/\/api.w.org\/{rel}","templated":true}]}}