{"id":26430,"date":"2023-05-12T14:12:11","date_gmt":"2023-05-12T20:12:11","guid":{"rendered":"https:\/\/elconspirador.com.mx\/?p=26430"},"modified":"2023-05-12T14:12:11","modified_gmt":"2023-05-12T20:12:11","slug":"para-abril-del-2024-nueva-subcomandancia-de-la-capital","status":"publish","type":"post","link":"https:\/\/elconspirador.com.mx\/?p=26430","title":{"rendered":"PARA ABRIL DEL 2024 NUEVA SUBCOMANDANCIA DE LA CAPITAL"},"content":{"rendered":"<p>La construcci\u00f3n de la subcomandancia del Centro Hist\u00f3rico podr\u00eda quedar lista en el primer cuatrimestre de 2024, adelant\u00f3 Luis Bernardo Nava Guerrero, presidente municipal de Quer\u00e9taro.<\/p>\n<p>El alcalde se\u00f1al\u00f3 que la construcci\u00f3n de la subcomandancia iniciar\u00e1 este mismo a\u00f1o, una vez que se concluyan los tr\u00e1mites con el Instituto para la seguridad social de las Fuerzas Armadas.<\/p>\n<p>\u201cEsperamos que este mismo a\u00f1o iniciemos la construcci\u00f3n para que pudiera estar lista la subcomandancia en el primer cuatrimestre del 2024. Ya autorizado por Cabildo tendremos que llevar a cabo los procedimientos junto con el Instituto para la seguridad social de las Fuerzas Armadas\u201d, indic\u00f3.<\/p>\n<p>El alcalde detall\u00f3 que se realizar\u00e1n estudios de mec\u00e1nica de suelos para ver si es viable poner el estacionamiento en la planta baja o hacerlo subterr\u00e1neo, adem\u00e1s de que el proyecto debe cumplir con ciertas especificaciones del Instituto Nacional de Antropolog\u00eda e Historia (INAH).<\/p>\n<p>A\u00f1adi\u00f3 que la inversi\u00f3n podr\u00eda ser de entre 60 y 70 millones de pesos, \u00fanicamente, para la infraestructura y compra del terreno.<\/p>\n","protected":false},"excerpt":{"rendered":"<p>La construcci\u00f3n de la subcomandancia del Centro Hist\u00f3rico podr\u00eda quedar lista en el primer cuatrimestre de 2024, adelant\u00f3 Luis Bernardo Nava Guerrero, presidente municipal de Quer\u00e9taro. El alcalde se\u00f1al\u00f3 que la construcci\u00f3n de la subcomandancia iniciar\u00e1 este mismo a\u00f1o, una vez que se concluyan los tr\u00e1mites con el Instituto para la seguridad social de las Fuerzas Armadas. \u201cEsperamos que este<\/p>\n<div class=\"h10\"><\/div>\n<p><a class=\"more-link2 flat\" href=\"https:\/\/elconspirador.com.mx\/?p=26430\">Leer m\u00e1s<\/a><\/p>\n","protected":false},"author":1,"featured_media":26431,"comment_status":"open","ping_status":"open","sticky":false,"template":"","format":"standard","meta":{"om_disable_all_campaigns":false,"_uf_show_specific_survey":0,"_uf_disable_surveys":false},"categories":[1],"tags":[],"aioseo_notices":[],"_links":{"self":[{"href":"https:\/\/elconspirador.com.mx\/index.php?rest_route=\/wp\/v2\/posts\/26430"}],"collection":[{"href":"https:\/\/elconspirador.com.mx\/index.php?rest_route=\/wp\/v2\/posts"}],"about":[{"href":"https:\/\/elconspirador.com.mx\/index.php?rest_route=\/wp\/v2\/types\/post"}],"author":[{"embeddable":true,"href":"https:\/\/elconspirador.com.mx\/index.php?rest_route=\/wp\/v2\/users\/1"}],"replies":[{"embeddable":true,"href":"https:\/\/elconspirador.com.mx\/index.php?rest_route=%2Fwp%2Fv2%2Fcomments&post=26430"}],"version-history":[{"count":1,"href":"https:\/\/elconspirador.com.mx\/index.php?rest_route=\/wp\/v2\/posts\/26430\/revisions"}],"predecessor-version":[{"id":26432,"href":"https:\/\/elconspirador.com.mx\/index.php?rest_route=\/wp\/v2\/posts\/26430\/revisions\/26432"}],"wp:featuredmedia":[{"embeddable":true,"href":"https:\/\/elconspirador.com.mx\/index.php?rest_route=\/wp\/v2\/media\/26431"}],"wp:attachment":[{"href":"https:\/\/elconspirador.com.mx\/index.php?rest_route=%2Fwp%2Fv2%2Fmedia&parent=26430"}],"wp:term":[{"taxonomy":"category","embeddable":true,"href":"https:\/\/elconspirador.com.mx\/index.php?rest_route=%2Fwp%2Fv2%2Fcategories&post=26430"},{"taxonomy":"post_tag","embeddable":true,"href":"https:\/\/elconspirador.com.mx\/index.php?rest_route=%2Fwp%2Fv2%2Ftags&post=26430"}],"curies":[{"name":"wp","href":"https:\/\/api.w.org\/{rel}","templated":true}]}}