{"id":26433,"date":"2023-05-12T14:13:45","date_gmt":"2023-05-12T20:13:45","guid":{"rendered":"https:\/\/elconspirador.com.mx\/?p=26433"},"modified":"2023-05-12T14:13:45","modified_gmt":"2023-05-12T20:13:45","slug":"ya-detuvieron-a-dos-por-hallazgo-de-cuerpo-en-sjr","status":"publish","type":"post","link":"https:\/\/elconspirador.com.mx\/?p=26433","title":{"rendered":"YA DETUVIERON A DOS POR HALLAZGO DE CUERPO EN SJR"},"content":{"rendered":"<p>La Fiscal\u00eda General del Estado detuvo a dos personas por su posible participaci\u00f3n en los hechos relacionados al hallazgo de una extremidad cef\u00e1lica en la comunidad de Vistahermosa, municipio de San Juan del R\u00edo el pasado 25 de abril de este a\u00f1o. En total, se obtuvieron 3 \u00f3rdenes de aprehensi\u00f3n por el delito de desaparici\u00f3n de personas cometida por particulares y se contin\u00faa con los actos de investigaci\u00f3n para el aseguramiento de todos los implicados.<\/p>\n<p>Desde el inicio de la carpeta de investigaci\u00f3n, se conoci\u00f3 que el ofendido contaba con antecedentes penales. Asimismo, se realizaron distintos actos de cateo, en domicilios relacionados al hallazgo de la extremidad y con el objetivo de localizar el resto del cuerpo.<\/p>\n<p>En seguimiento, se conoci\u00f3 el lugar donde se encontraban los restos del ofendido, por lo que esta ma\u00f1ana se realiza el procesamiento del lugar, en la comunidad de La Valla, en San Juan del R\u00edo. Los indicios y el cuerpo localizado ser\u00e1n trasladados a la Direcci\u00f3n de Servicios Periciales, para realizar el an\u00e1lisis cient\u00edfico, conocer la causa de la muerte y la identificaci\u00f3n gen\u00e9tica del ofendido.<\/p>\n<p>Los avances cient\u00edficos y los datos de prueba que se encuentran en la carpeta de investigaci\u00f3n, ser\u00e1n presentados ante un Juez de Control, para solicitar la vinculaci\u00f3n a proceso de ambos detenidos.<\/p>\n","protected":false},"excerpt":{"rendered":"<p>La Fiscal\u00eda General del Estado detuvo a dos personas por su posible participaci\u00f3n en los hechos relacionados al hallazgo de una extremidad cef\u00e1lica en la comunidad de Vistahermosa, municipio de San Juan del R\u00edo el pasado 25 de abril de este a\u00f1o. En total, se obtuvieron 3 \u00f3rdenes de aprehensi\u00f3n por el delito de desaparici\u00f3n de personas cometida por particulares<\/p>\n<div class=\"h10\"><\/div>\n<p><a class=\"more-link2 flat\" href=\"https:\/\/elconspirador.com.mx\/?p=26433\">Leer m\u00e1s<\/a><\/p>\n","protected":false},"author":1,"featured_media":26434,"comment_status":"open","ping_status":"open","sticky":false,"template":"","format":"standard","meta":{"om_disable_all_campaigns":false,"_uf_show_specific_survey":0,"_uf_disable_surveys":false},"categories":[1],"tags":[],"aioseo_notices":[],"_links":{"self":[{"href":"https:\/\/elconspirador.com.mx\/index.php?rest_route=\/wp\/v2\/posts\/26433"}],"collection":[{"href":"https:\/\/elconspirador.com.mx\/index.php?rest_route=\/wp\/v2\/posts"}],"about":[{"href":"https:\/\/elconspirador.com.mx\/index.php?rest_route=\/wp\/v2\/types\/post"}],"author":[{"embeddable":true,"href":"https:\/\/elconspirador.com.mx\/index.php?rest_route=\/wp\/v2\/users\/1"}],"replies":[{"embeddable":true,"href":"https:\/\/elconspirador.com.mx\/index.php?rest_route=%2Fwp%2Fv2%2Fcomments&post=26433"}],"version-history":[{"count":1,"href":"https:\/\/elconspirador.com.mx\/index.php?rest_route=\/wp\/v2\/posts\/26433\/revisions"}],"predecessor-version":[{"id":26435,"href":"https:\/\/elconspirador.com.mx\/index.php?rest_route=\/wp\/v2\/posts\/26433\/revisions\/26435"}],"wp:featuredmedia":[{"embeddable":true,"href":"https:\/\/elconspirador.com.mx\/index.php?rest_route=\/wp\/v2\/media\/26434"}],"wp:attachment":[{"href":"https:\/\/elconspirador.com.mx\/index.php?rest_route=%2Fwp%2Fv2%2Fmedia&parent=26433"}],"wp:term":[{"taxonomy":"category","embeddable":true,"href":"https:\/\/elconspirador.com.mx\/index.php?rest_route=%2Fwp%2Fv2%2Fcategories&post=26433"},{"taxonomy":"post_tag","embeddable":true,"href":"https:\/\/elconspirador.com.mx\/index.php?rest_route=%2Fwp%2Fv2%2Ftags&post=26433"}],"curies":[{"name":"wp","href":"https:\/\/api.w.org\/{rel}","templated":true}]}}