{"id":26436,"date":"2023-05-12T15:05:03","date_gmt":"2023-05-12T21:05:03","guid":{"rendered":"https:\/\/elconspirador.com.mx\/?p=26436"},"modified":"2023-05-12T15:05:03","modified_gmt":"2023-05-12T21:05:03","slug":"sedena-realiza-canje-de-armas-en-ezequiel-montes","status":"publish","type":"post","link":"https:\/\/elconspirador.com.mx\/?p=26436","title":{"rendered":"SEDENA REALIZA CANJE DE ARMAS EN EZEQUIEL MONTES"},"content":{"rendered":"<p class=\"s3\"><span class=\"s4\">Ante la presencia de la Secretar\u00eda de la Defensa Nacional, (SEDENA), en el municipio de Ezequiel montes, se realiz\u00f3 la campa\u00f1a anual de canje 2023. Esto con el objetivo de combatir y erradicar los incidentes por armas de fuego.<\/span><\/p>\n<p class=\"s3\">\n<p class=\"s3\"><span class=\"s4\">En el acto inaugural estuvo presente \u00a0la alcaldesa, Lupita P\u00e9rez Montes, as\u00ed como tambi\u00e9n el Coronel del s\u00e9ptimo regimiento mecanizado, Cmdt. Oscar Alfonso Zenteno Villag\u00f3mez, representante de la SEDENA; \u00a0el Lic. Oswaldo Trejo Montes, Secretario del Ayuntamiento y autoridades municipales. <\/span><\/p>\n<p class=\"s3\">\n<p class=\"s3\"><span class=\"s4\">En su mensaje la Alcaldesa \u00a0agradeci\u00f3 el \u00a0apoyo incondicional que en todo momento les ha brindado la SEDENA; dijo que este tipo de iniciativas tienen como enfoque buscar la seguridad e integridad de las personas, disminuyendo los riesgos que un arma representa en nuestros domicilios. <\/span><\/p>\n<p class=\"s3\">\n<p class=\"s3\"><span class=\"s4\">Asimismo mencion\u00f3 que dicha campa\u00f1a estar\u00e1 \u00a0tambi\u00e9n el d\u00eda de ma\u00f1ana, en el jard\u00edn principal de Ezequiel Montes, \u201cAdolfo L\u00f3pez Mateos\u201d, hasta las 2:00 pm, para que participen las y los ciudadanos quienes deseen hacer la entrega de sus armas. <\/span><\/p>\n<p class=\"s3\"><a name=\"_heading=h.gjdgxs\"><\/a><\/p>\n<p class=\"s3\"><a name=\"_heading=h.30j0zll\"><\/a><span class=\"s4\">La recomendaci\u00f3n para entregar el armamento es que se encuentre descargado. En las siguientes im\u00e1genes que compartimos podr\u00e1n obtener mayor informaci\u00f3n acerca del canje.<\/span><\/p>\n","protected":false},"excerpt":{"rendered":"<p>Ante la presencia de la Secretar\u00eda de la Defensa Nacional, (SEDENA), en el municipio de Ezequiel montes, se realiz\u00f3 la campa\u00f1a anual de canje 2023. Esto con el objetivo de combatir y erradicar los incidentes por armas de fuego. En el acto inaugural estuvo presente \u00a0la alcaldesa, Lupita P\u00e9rez Montes, as\u00ed como tambi\u00e9n el Coronel del s\u00e9ptimo regimiento mecanizado, Cmdt.<\/p>\n<div class=\"h10\"><\/div>\n<p><a class=\"more-link2 flat\" href=\"https:\/\/elconspirador.com.mx\/?p=26436\">Leer m\u00e1s<\/a><\/p>\n","protected":false},"author":1,"featured_media":26437,"comment_status":"open","ping_status":"open","sticky":false,"template":"","format":"standard","meta":{"om_disable_all_campaigns":false,"_uf_show_specific_survey":0,"_uf_disable_surveys":false},"categories":[1],"tags":[],"aioseo_notices":[],"_links":{"self":[{"href":"https:\/\/elconspirador.com.mx\/index.php?rest_route=\/wp\/v2\/posts\/26436"}],"collection":[{"href":"https:\/\/elconspirador.com.mx\/index.php?rest_route=\/wp\/v2\/posts"}],"about":[{"href":"https:\/\/elconspirador.com.mx\/index.php?rest_route=\/wp\/v2\/types\/post"}],"author":[{"embeddable":true,"href":"https:\/\/elconspirador.com.mx\/index.php?rest_route=\/wp\/v2\/users\/1"}],"replies":[{"embeddable":true,"href":"https:\/\/elconspirador.com.mx\/index.php?rest_route=%2Fwp%2Fv2%2Fcomments&post=26436"}],"version-history":[{"count":1,"href":"https:\/\/elconspirador.com.mx\/index.php?rest_route=\/wp\/v2\/posts\/26436\/revisions"}],"predecessor-version":[{"id":26438,"href":"https:\/\/elconspirador.com.mx\/index.php?rest_route=\/wp\/v2\/posts\/26436\/revisions\/26438"}],"wp:featuredmedia":[{"embeddable":true,"href":"https:\/\/elconspirador.com.mx\/index.php?rest_route=\/wp\/v2\/media\/26437"}],"wp:attachment":[{"href":"https:\/\/elconspirador.com.mx\/index.php?rest_route=%2Fwp%2Fv2%2Fmedia&parent=26436"}],"wp:term":[{"taxonomy":"category","embeddable":true,"href":"https:\/\/elconspirador.com.mx\/index.php?rest_route=%2Fwp%2Fv2%2Fcategories&post=26436"},{"taxonomy":"post_tag","embeddable":true,"href":"https:\/\/elconspirador.com.mx\/index.php?rest_route=%2Fwp%2Fv2%2Ftags&post=26436"}],"curies":[{"name":"wp","href":"https:\/\/api.w.org\/{rel}","templated":true}]}}