{"id":26464,"date":"2023-05-12T18:08:41","date_gmt":"2023-05-13T00:08:41","guid":{"rendered":"https:\/\/elconspirador.com.mx\/?p=26464"},"modified":"2023-05-12T18:08:41","modified_gmt":"2023-05-13T00:08:41","slug":"kuri-investigara-hechos-de-bernardo-quintana","status":"publish","type":"post","link":"https:\/\/elconspirador.com.mx\/?p=26464","title":{"rendered":"KURI INVESTIGAR\u00c1 HECHOS DE BERNARDO QUINTANA"},"content":{"rendered":"<p class=\"s6\"><span class=\"s7\"><span class=\"bumpedFont15\">A trav\u00e9s<\/span><\/span> <span class=\"s7\"><span class=\"bumpedFont15\">de un mensaje en redes sociales, el <\/span><\/span><span class=\"s7\"><span class=\"bumpedFont15\">gobernador, Mauricio Kuri Gonz\u00e1lez, solicit\u00f3 dar puntual seguimiento y deslindar responsabilidades sobre un hecho de tr\u00e1nsito entre veh\u00edculos particulares, ocurrido la tarde del mi\u00e9rcoles 10 de mayo en Bernardo Quintana.\u00a0<\/span><\/span><\/p>\n<p class=\"s6\">\n<p class=\"s6\"><span class=\"s7\"><span class=\"bumpedFont15\">Dentro de las prioridades mencionadas por el titular del Poder Ejecutivo Estatal, pidi\u00f3 brindar acompa\u00f1amiento y atenci\u00f3n a la<\/span><\/span><span class=\"s7\"><span class=\"bumpedFont15\"> presunta<\/span><\/span> <span class=\"s7\"><span class=\"bumpedFont15\">ofendida<\/span><\/span> <span class=\"s7\"><span class=\"bumpedFont15\">involucrada en<\/span><\/span><span class=\"s7\"><span class=\"bumpedFont15\"> estos hechos, y castigar a quien <\/span><\/span><span class=\"s7\"><span class=\"bumpedFont15\">resulte responsable. <\/span><\/span><\/p>\n<p class=\"s6\">\n<p class=\"s6\"><span class=\"s7\"><span class=\"bumpedFont15\">\u201cEn Quer\u00e9taro, aquel que la hace la paga. Por supuesto, los primeros en dar el ejemplo somos la autoridad\u201d, sostuvo.\u00a0<\/span><\/span><\/p>\n<p class=\"s6\">\n<p class=\"s6\"><span class=\"s7\"><span class=\"bumpedFont15\">Al mismo tiempo, invit\u00f3 a la ciudadan\u00eda a estar tranquila, y confiar en que Quer\u00e9taro cuenta con polic\u00edas capacitados, equipados, y que act\u00faan con responsabilidad.<\/span><\/span><\/p>\n","protected":false},"excerpt":{"rendered":"<p>A trav\u00e9s de un mensaje en redes sociales, el gobernador, Mauricio Kuri Gonz\u00e1lez, solicit\u00f3 dar puntual seguimiento y deslindar responsabilidades sobre un hecho de tr\u00e1nsito entre veh\u00edculos particulares, ocurrido la tarde del mi\u00e9rcoles 10 de mayo en Bernardo Quintana.\u00a0 Dentro de las prioridades mencionadas por el titular del Poder Ejecutivo Estatal, pidi\u00f3 brindar acompa\u00f1amiento y atenci\u00f3n a la presunta ofendida<\/p>\n<div class=\"h10\"><\/div>\n<p><a class=\"more-link2 flat\" href=\"https:\/\/elconspirador.com.mx\/?p=26464\">Leer m\u00e1s<\/a><\/p>\n","protected":false},"author":1,"featured_media":26465,"comment_status":"open","ping_status":"open","sticky":false,"template":"","format":"standard","meta":{"om_disable_all_campaigns":false,"_uf_show_specific_survey":0,"_uf_disable_surveys":false},"categories":[1],"tags":[],"aioseo_notices":[],"_links":{"self":[{"href":"https:\/\/elconspirador.com.mx\/index.php?rest_route=\/wp\/v2\/posts\/26464"}],"collection":[{"href":"https:\/\/elconspirador.com.mx\/index.php?rest_route=\/wp\/v2\/posts"}],"about":[{"href":"https:\/\/elconspirador.com.mx\/index.php?rest_route=\/wp\/v2\/types\/post"}],"author":[{"embeddable":true,"href":"https:\/\/elconspirador.com.mx\/index.php?rest_route=\/wp\/v2\/users\/1"}],"replies":[{"embeddable":true,"href":"https:\/\/elconspirador.com.mx\/index.php?rest_route=%2Fwp%2Fv2%2Fcomments&post=26464"}],"version-history":[{"count":1,"href":"https:\/\/elconspirador.com.mx\/index.php?rest_route=\/wp\/v2\/posts\/26464\/revisions"}],"predecessor-version":[{"id":26466,"href":"https:\/\/elconspirador.com.mx\/index.php?rest_route=\/wp\/v2\/posts\/26464\/revisions\/26466"}],"wp:featuredmedia":[{"embeddable":true,"href":"https:\/\/elconspirador.com.mx\/index.php?rest_route=\/wp\/v2\/media\/26465"}],"wp:attachment":[{"href":"https:\/\/elconspirador.com.mx\/index.php?rest_route=%2Fwp%2Fv2%2Fmedia&parent=26464"}],"wp:term":[{"taxonomy":"category","embeddable":true,"href":"https:\/\/elconspirador.com.mx\/index.php?rest_route=%2Fwp%2Fv2%2Fcategories&post=26464"},{"taxonomy":"post_tag","embeddable":true,"href":"https:\/\/elconspirador.com.mx\/index.php?rest_route=%2Fwp%2Fv2%2Ftags&post=26464"}],"curies":[{"name":"wp","href":"https:\/\/api.w.org\/{rel}","templated":true}]}}