{"id":26471,"date":"2023-05-13T08:16:59","date_gmt":"2023-05-13T14:16:59","guid":{"rendered":"https:\/\/elconspirador.com.mx\/?p=26471"},"modified":"2023-05-13T08:16:59","modified_gmt":"2023-05-13T14:16:59","slug":"celebra-fa-uaq-70-anos-de-existencia","status":"publish","type":"post","link":"https:\/\/elconspirador.com.mx\/?p=26471","title":{"rendered":"CELEBRA FA UAQ 70 A\u00d1OS DE EXISTENCIA"},"content":{"rendered":"<p>La Facultad de Artes (FA) de la Universidad Aut\u00f3noma de Quer\u00e9taro (UAQ) celebra 70 a\u00f1os de existencia a trav\u00e9s de un amplio y variado programa dirigido a la comunidad universitaria y a la sociedad en general; \u201cArtes 70: 70 a\u00f1os creando\u201d se compone de 42 eventos, a desarrollarse <span dir=\"ltr\">del 18 al 26 de mayo<\/span>.<\/p>\n<p>El director de esta Unidad Acad\u00e9mica, Sergio Rivera Guerrero, record\u00f3 que esta celebraci\u00f3n es un producto hist\u00f3rico-cultural y la organizaci\u00f3n de los festejos comenz\u00f3 al cumplirse 40 a\u00f1os con Luis Olvera; luego, los 50 con Jorge Mart\u00ednez Mar\u00edn; y, posteriormente, los <span dir=\"ltr\">60 con <\/span>\u00a0Vicente L\u00f3pez Velarde.<\/p>\n<p>\u201cEstos 70 a\u00f1os son muy significativos, hay muchos logros. Vamos a poner a disposici\u00f3n de la sociedad, a la cual nos debemos, esta gran cantidad de acontecimientos y de eventos, vamos a resaltar el proceso de transformaci\u00f3n que vive la FA (\u2026). No solo somos 70 a\u00f1os, tenemos una trayectoria de casi 200 a\u00f1os\u201d, afirm\u00f3 el Director.<\/p>\n<p>El programa contempla ocho presentaciones de artes visuales, ocho de danza, 19 de m\u00fasica, cinco de teatro y dos de restauraci\u00f3n; con sedes diversas, entre ellas: el Auditorio Felipe de las Casas de la FA, la Galer\u00eda Agust\u00edn Rivera, el Museo de Arte Contempor\u00e1neo, el Teatro Esperanza Cabrera, el Teatro Dra. Pamela Jim\u00e9nez Draguicevic e, incluso, las calles de la ciudad de Quer\u00e9taro; los detalles pueden consultarse a trav\u00e9s de <a href=\"https:\/\/uaq.us18.list-manage.com\/track\/click?u=120c6bc278c139c0aaef02a1a&amp;id=9988753be1&amp;e=fb29e86ea6\">https:\/\/drive.google.com\/file\/d\/1haMQDPTXoWwBhzwMhU8CWlJl70ExSNi0\/view<\/a>.<\/p>\n<p>Al respecto, el coordinador de Difusi\u00f3n Cultural de la FA, Mtro. Jos\u00e9 Antonio Mac Gregor Campuzano, enfatiz\u00f3 que esta ocupaci\u00f3n de espacios no es para mostrar \u201ctareas\u201d sino a los mejores exponentes de la Facultad a trav\u00e9s de una selecci\u00f3n minuciosa de arte.<\/p>\n<p>\u201cEs una Facultad con historia, con memoria y que hay que celebrar. Este Festival \u2018Artes 70\u2019 tiene como finalidad ofrecer a la sociedad queretana, en general, y a la sociedad universitaria, en particular, lo mejor que tenemos, lo mejor de nuestras alumnas, alumnos, maestros, maestras, en t\u00e9rminos de producci\u00f3n art\u00edstica\u201d, comparti\u00f3 el Coordinador.<\/p>\n<p>Entre los eventos destacados, esta la inauguraci\u00f3n de un nuevo centro cultural de 280 metros cuadrados en la calle de Ocampo, ser\u00e1 denominado \u201cAldebar\u00e1n\u201d y se trata de un espacio destinado a mostrar el trabajo de la Facultad de Artes.<\/p>\n<p>Para concluir su participaci\u00f3n hizo un llamado a toda la poblaci\u00f3n para que asistan a esta celebraci\u00f3n, \u201cpara que conozcan y disfruten de lo que se est\u00e1 haciendo en esta Facultad en materia de formaci\u00f3n art\u00edstica y que valoren este trabajo, este esfuerzo, que tiene un trasfondo acad\u00e9mico fundamental\u201d.<\/p>\n<p>La FA cuenta con una matr\u00edcula de mil 380 estudiantes en todos sus campus; distribuidos en 15 licenciaturas y siete posgrados (seis maestr\u00edas y un doctorado); el 50 por ciento de sus alumnas y alumnos estar\u00e1n participando en este Festival a trav\u00e9s de su talento.<\/p>\n<p>Esta fiesta art\u00edstica se inaugurar\u00e1 oficialmente <span dir=\"ltr\">el 18 de mayo a las 09:00<\/span> horas en el Auditorio Felipe de las Casas de la Unidad Acad\u00e9mica.<\/p>\n","protected":false},"excerpt":{"rendered":"<p>La Facultad de Artes (FA) de la Universidad Aut\u00f3noma de Quer\u00e9taro (UAQ) celebra 70 a\u00f1os de existencia a trav\u00e9s de un amplio y variado programa dirigido a la comunidad universitaria y a la sociedad en general; \u201cArtes 70: 70 a\u00f1os creando\u201d se compone de 42 eventos, a desarrollarse del 18 al 26 de mayo. El director de esta Unidad Acad\u00e9mica,<\/p>\n<div class=\"h10\"><\/div>\n<p><a class=\"more-link2 flat\" href=\"https:\/\/elconspirador.com.mx\/?p=26471\">Leer m\u00e1s<\/a><\/p>\n","protected":false},"author":1,"featured_media":26472,"comment_status":"open","ping_status":"open","sticky":false,"template":"","format":"standard","meta":{"om_disable_all_campaigns":false,"_uf_show_specific_survey":0,"_uf_disable_surveys":false},"categories":[1],"tags":[],"aioseo_notices":[],"_links":{"self":[{"href":"https:\/\/elconspirador.com.mx\/index.php?rest_route=\/wp\/v2\/posts\/26471"}],"collection":[{"href":"https:\/\/elconspirador.com.mx\/index.php?rest_route=\/wp\/v2\/posts"}],"about":[{"href":"https:\/\/elconspirador.com.mx\/index.php?rest_route=\/wp\/v2\/types\/post"}],"author":[{"embeddable":true,"href":"https:\/\/elconspirador.com.mx\/index.php?rest_route=\/wp\/v2\/users\/1"}],"replies":[{"embeddable":true,"href":"https:\/\/elconspirador.com.mx\/index.php?rest_route=%2Fwp%2Fv2%2Fcomments&post=26471"}],"version-history":[{"count":1,"href":"https:\/\/elconspirador.com.mx\/index.php?rest_route=\/wp\/v2\/posts\/26471\/revisions"}],"predecessor-version":[{"id":26473,"href":"https:\/\/elconspirador.com.mx\/index.php?rest_route=\/wp\/v2\/posts\/26471\/revisions\/26473"}],"wp:featuredmedia":[{"embeddable":true,"href":"https:\/\/elconspirador.com.mx\/index.php?rest_route=\/wp\/v2\/media\/26472"}],"wp:attachment":[{"href":"https:\/\/elconspirador.com.mx\/index.php?rest_route=%2Fwp%2Fv2%2Fmedia&parent=26471"}],"wp:term":[{"taxonomy":"category","embeddable":true,"href":"https:\/\/elconspirador.com.mx\/index.php?rest_route=%2Fwp%2Fv2%2Fcategories&post=26471"},{"taxonomy":"post_tag","embeddable":true,"href":"https:\/\/elconspirador.com.mx\/index.php?rest_route=%2Fwp%2Fv2%2Ftags&post=26471"}],"curies":[{"name":"wp","href":"https:\/\/api.w.org\/{rel}","templated":true}]}}