{"id":26474,"date":"2023-05-13T10:56:43","date_gmt":"2023-05-13T16:56:43","guid":{"rendered":"https:\/\/elconspirador.com.mx\/?p=26474"},"modified":"2023-05-13T10:56:43","modified_gmt":"2023-05-13T16:56:43","slug":"detienen-a-tres-por-asesinato-de-periodista","status":"publish","type":"post","link":"https:\/\/elconspirador.com.mx\/?p=26474","title":{"rendered":"DETIENEN A TRES POR ASESINATO DE PERIODISTA"},"content":{"rendered":"<p data-reader-unique-id=\"1\">Una jueza dict\u00f3 un fallo condenatorio en contra de tres implicados en el asesinato de la <strong data-reader-unique-id=\"2\">periodista Mar\u00eda Elena Ferral,<\/strong> ocurrido el 30 de marzo de 2020 en el municipio de Papantla; en este caso fueron detenidos seis implicados, pero el autor intelectual sigue pr\u00f3fugo y no hay orden de aprehensi\u00f3n en su contra.<\/p>\n<p data-reader-unique-id=\"3\">De acuerdo con lo informado por la organizaci\u00f3n Propuesta C\u00edvica, que fungi\u00f3 como asesora legal de la familia Ferral, la jueza de Enjuiciamiento Gabriela Ordorica, encontr\u00f3 culpables a <strong data-reader-unique-id=\"4\">Alfredo P\u00e9rez Jim\u00e9nez, Othoniel Hern\u00e1ndez Cano y Carlos P\u00e9rez Jim\u00e9nez <\/strong>de haber participado al prestar ayuda y auxilio para vigilar, para que los autores materiales pudieran perpetrar el crimen.<\/p>\n<p data-reader-unique-id=\"5\">En un extenso comunicado, Propuesta C\u00edvica explic\u00f3 que fueron desahogadas diversas pruebas testimoniales, periciales y documentales que constituyeron una prueba suficiente para acreditar que el homicidio de Mar\u00eda Elena Ferral fue derivado de su labor period\u00edstica.<\/p>\n<p data-reader-unique-id=\"5\">\u201cEn juicio oral se logr\u00f3 acreditar que Mar\u00eda Elena, previo a su homicidio fue v\u00edctima de diversas amenazas ejecutadas por Basilio N, quien ha sido identificado por la Fiscal\u00eda como probable autor intelectual del asesinato\u201d, se\u00f1ala la organizaci\u00f3n, que trabaj\u00f3 junto con Reporteros sin Fronteras en esta asesor\u00eda.<\/p>\n<p data-reader-unique-id=\"9\">Propuesta C\u00edvica refiri\u00f3 que solicit\u00f3 a la Jueza dictar una sentencia condenatoria con perspectiva de libertad de expresi\u00f3n y de g\u00e9nero, en el que se establezca que Ferral fue asesinada como represalia a su labor period\u00edstica.<\/p>\n<p data-reader-unique-id=\"10\">En unos d\u00edas m\u00e1s ser\u00e1 anunciada la sentencia en contra de las tres personas encontradas responsables de este hecho, aunque cabe hacer menci\u00f3n que durante las audiencias del caso fue revelado que al exdiputado Basilio N, presunto autor intelectual del asesinato de Mar\u00eda Elena Ferral, no le ha sido librada orden de aprehensi\u00f3n por estos hechos, aunque s\u00ed est\u00e1n fundados los se\u00f1alamientos en su contra.<\/p>\n<p data-reader-unique-id=\"27\">Basilio Picazo fue integrante de la 66 Legislatura en el Congreso de Veracruz por el Partido Acci\u00f3n Nacional, pero su militancia era priista. Durante a\u00f1os Mar\u00eda Elena Ferral tuvo conflictos con la familia del legislador por el dominio que ten\u00edan sobre el municipio ind\u00edgena de Coyutla, en la sierra del Totonacapan.<\/p>\n","protected":false},"excerpt":{"rendered":"<p>Una jueza dict\u00f3 un fallo condenatorio en contra de tres implicados en el asesinato de la periodista Mar\u00eda Elena Ferral, ocurrido el 30 de marzo de 2020 en el municipio de Papantla; en este caso fueron detenidos seis implicados, pero el autor intelectual sigue pr\u00f3fugo y no hay orden de aprehensi\u00f3n en su contra. De acuerdo con lo informado por<\/p>\n<div class=\"h10\"><\/div>\n<p><a class=\"more-link2 flat\" href=\"https:\/\/elconspirador.com.mx\/?p=26474\">Leer m\u00e1s<\/a><\/p>\n","protected":false},"author":1,"featured_media":26475,"comment_status":"open","ping_status":"open","sticky":false,"template":"","format":"standard","meta":{"om_disable_all_campaigns":false,"_uf_show_specific_survey":0,"_uf_disable_surveys":false},"categories":[68],"tags":[],"aioseo_notices":[],"_links":{"self":[{"href":"https:\/\/elconspirador.com.mx\/index.php?rest_route=\/wp\/v2\/posts\/26474"}],"collection":[{"href":"https:\/\/elconspirador.com.mx\/index.php?rest_route=\/wp\/v2\/posts"}],"about":[{"href":"https:\/\/elconspirador.com.mx\/index.php?rest_route=\/wp\/v2\/types\/post"}],"author":[{"embeddable":true,"href":"https:\/\/elconspirador.com.mx\/index.php?rest_route=\/wp\/v2\/users\/1"}],"replies":[{"embeddable":true,"href":"https:\/\/elconspirador.com.mx\/index.php?rest_route=%2Fwp%2Fv2%2Fcomments&post=26474"}],"version-history":[{"count":1,"href":"https:\/\/elconspirador.com.mx\/index.php?rest_route=\/wp\/v2\/posts\/26474\/revisions"}],"predecessor-version":[{"id":26476,"href":"https:\/\/elconspirador.com.mx\/index.php?rest_route=\/wp\/v2\/posts\/26474\/revisions\/26476"}],"wp:featuredmedia":[{"embeddable":true,"href":"https:\/\/elconspirador.com.mx\/index.php?rest_route=\/wp\/v2\/media\/26475"}],"wp:attachment":[{"href":"https:\/\/elconspirador.com.mx\/index.php?rest_route=%2Fwp%2Fv2%2Fmedia&parent=26474"}],"wp:term":[{"taxonomy":"category","embeddable":true,"href":"https:\/\/elconspirador.com.mx\/index.php?rest_route=%2Fwp%2Fv2%2Fcategories&post=26474"},{"taxonomy":"post_tag","embeddable":true,"href":"https:\/\/elconspirador.com.mx\/index.php?rest_route=%2Fwp%2Fv2%2Ftags&post=26474"}],"curies":[{"name":"wp","href":"https:\/\/api.w.org\/{rel}","templated":true}]}}